{"id":5701,"date":"2021-09-06T15:24:26","date_gmt":"2021-09-06T15:24:26","guid":{"rendered":"http:\/\/www.radiolimari.cl\/?p=5701"},"modified":"2021-09-06T15:24:26","modified_gmt":"2021-09-06T15:24:26","slug":"embajada-de-japon-entrega-a-municipio-de-rio-hurtado-moderno-vehiculo-para-traslado-de-pacientes","status":"publish","type":"post","link":"https:\/\/www.radiolimari.cl\/?p=5701","title":{"rendered":"Embajada de Jap\u00f3n entrega a Municipio de R\u00edo Hurtado moderno Veh\u00edculo para traslado de pacientes"},"content":{"rendered":"<p><a href=\"https:\/\/www.radiolimari.cl\/wp-content\/uploads\/2021\/09\/6.9-Veh\u00edculo-pacientes-con-discapacidad.jpeg\"><img fetchpriority=\"high\" decoding=\"async\" class=\"alignnone size-medium wp-image-5702\" src=\"https:\/\/www.radiolimari.cl\/wp-content\/uploads\/2021\/09\/6.9-Veh\u00edculo-pacientes-con-discapacidad-300x168.jpeg\" alt=\"6.9 Veh\u00edculo pacientes con discapacidad\" width=\"300\" height=\"168\" srcset=\"https:\/\/www.radiolimari.cl\/wp-content\/uploads\/2021\/09\/6.9-Veh\u00edculo-pacientes-con-discapacidad-300x168.jpeg 300w, https:\/\/www.radiolimari.cl\/wp-content\/uploads\/2021\/09\/6.9-Veh\u00edculo-pacientes-con-discapacidad.jpeg 1024w\" sizes=\"(max-width: 300px) 100vw, 300px\" \/><\/a><\/p>\n<p>El veh\u00edculo equipado y de \u00faltima tecnolog\u00eda permitir\u00e1 el traslado de personas con discapacidad y adultos mayores a los diferentes centros de salud de la comuna limarina<!--more--><\/p>\n<p>La dispersi\u00f3n geogr\u00e1fica en la comuna de R\u00edo Hurtado es un problema para aquellas personas que necesiten desplazarse hasta los centros de salud de la comuna, y m\u00e1s a\u00fan para aquellos que cuentan con alg\u00fan tipo de discapacidad. Por esto, la Embajada de Jap\u00f3n en Chile escuch\u00f3 las necesidades locales y entreg\u00f3 un moderno veh\u00edculo para el traslado de pacientes con discapacidad que residan en la comuna.<\/p>\n<p>El logro obtenido para la comunidad se obtiene gracias al fondo concursable \u201cAsistencia para Proyectos Comunitarios\u201d firmado con la embajada nipona. La asistencia brindada corresponde a USD $41.349 aproximadamente (m\u00e1s de $31 millones) por parte del organismo diplom\u00e1tico nip\u00f3n al municipio riohurtadino, con el prop\u00f3sito de adquirir un moderno veh\u00edculo adaptado para el traslado de pacientes con discapacidad cuyo uso mejorar\u00e1 considerablemente la accesibilidad a los centros de atenci\u00f3n en salud, que beneficiar\u00e1\u00a0 a m\u00e1s de 100 personas que por dificultades de movilizaci\u00f3n no pueden asistir regularmente a los centros asistenciales.<\/p>\n<p>El embajador de Jap\u00f3n en Chile, Kazuhisa Shibuya, entreg\u00f3 oficialmente el veh\u00edculo al municipio, que mejorar\u00e1 la accesibilidad a los centros de salud de R\u00edo Hurtado, teniendo en cuenta que la geograf\u00eda de R\u00edo Hurtado, muchas veces dificultan el acceso a los centros de salud por parte de los pacientes que viven en su situaci\u00f3n de discapacidad y adem\u00e1s habitan en los sectores secanos y apartados de los centros urbanos.<\/p>\n<p>Al respecto, el diplom\u00e1tico destac\u00f3 que \u201ceste tipo de veh\u00edculos se utiliza mucho en Jap\u00f3n, ya que en nuestro pa\u00eds est\u00e1 avanzado el envejecimiento y probablemente ac\u00e1 tambi\u00e9n tienen un problema similar, entonces para el traslado de los ancianos y discapacitados esto ser\u00e1 muy \u00fatil. La diplomacia entre pa\u00edses es muy importante, pero tambi\u00e9n damos la importancia al bienestar de nuestros habitantes\u201d, se\u00f1al\u00f3 Shibuya.<\/p>\n<p>Mientras, la alcaldesa de la comuna, Carmen Juana Olivares, sostuvo que el veh\u00edculo permitir\u00e1 transportar a los habitantes que cuentan con discapacidades a los centros de salud.<\/p>\n<p>\u201cEste veh\u00edculo permitir\u00e1 que nuestros vecinos que cuentan con problemas de traslados, sean adultos mayores o personas con discapacidad, puedan acceder en forma segura hasta los centros asistenciales de la comuna, como las postas de salud rurales o el Cesfam de Pichasca, siendo de gran utilidad para nuestros vecinos en una comuna con alta dispersi\u00f3n geogr\u00e1fica\u201d, dijo la jefa comunal.<\/p>\n<p>De esta forma, los habitantes de las localidades de R\u00edo Hurtado, Ser\u00f3n, Las Breas, El Cha\u00f1ar, Samo Alto, Tabaqueros y el resto de localidades podr\u00e1n mejorar significativamente su calidad de vida y opci\u00f3n de atenci\u00f3n en salud gracias a este nuevo veh\u00edculo.<\/p>\n","protected":false},"excerpt":{"rendered":"<p>El veh\u00edculo equipado y de \u00faltima tecnolog\u00eda permitir\u00e1 el traslado de personas con discapacidad y adultos mayores a los diferentes centros de salud de la comuna limarina<\/p>\n","protected":false},"author":2,"featured_media":5702,"comment_status":"open","ping_status":"open","sticky":false,"template":"","format":"standard","meta":{"footnotes":""},"categories":[5],"tags":[],"class_list":["post-5701","post","type-post","status-publish","format-standard","has-post-thumbnail","hentry","category-actualidad-limarina"],"_links":{"self":[{"href":"https:\/\/www.radiolimari.cl\/index.php?rest_route=\/wp\/v2\/posts\/5701","targetHints":{"allow":["GET"]}}],"collection":[{"href":"https:\/\/www.radiolimari.cl\/index.php?rest_route=\/wp\/v2\/posts"}],"about":[{"href":"https:\/\/www.radiolimari.cl\/index.php?rest_route=\/wp\/v2\/types\/post"}],"author":[{"embeddable":true,"href":"https:\/\/www.radiolimari.cl\/index.php?rest_route=\/wp\/v2\/users\/2"}],"replies":[{"embeddable":true,"href":"https:\/\/www.radiolimari.cl\/index.php?rest_route=%2Fwp%2Fv2%2Fcomments&post=5701"}],"version-history":[{"count":1,"href":"https:\/\/www.radiolimari.cl\/index.php?rest_route=\/wp\/v2\/posts\/5701\/revisions"}],"predecessor-version":[{"id":5703,"href":"https:\/\/www.radiolimari.cl\/index.php?rest_route=\/wp\/v2\/posts\/5701\/revisions\/5703"}],"wp:featuredmedia":[{"embeddable":true,"href":"https:\/\/www.radiolimari.cl\/index.php?rest_route=\/wp\/v2\/media\/5702"}],"wp:attachment":[{"href":"https:\/\/www.radiolimari.cl\/index.php?rest_route=%2Fwp%2Fv2%2Fmedia&parent=5701"}],"wp:term":[{"taxonomy":"category","embeddable":true,"href":"https:\/\/www.radiolimari.cl\/index.php?rest_route=%2Fwp%2Fv2%2Fcategories&post=5701"},{"taxonomy":"post_tag","embeddable":true,"href":"https:\/\/www.radiolimari.cl\/index.php?rest_route=%2Fwp%2Fv2%2Ftags&post=5701"}],"curies":[{"name":"wp","href":"https:\/\/api.w.org\/{rel}","templated":true}]}}