{"id":5689,"date":"2021-08-30T17:21:01","date_gmt":"2021-08-30T17:21:01","guid":{"rendered":"http:\/\/www.radiolimari.cl\/?p=5689"},"modified":"2021-08-30T17:21:01","modified_gmt":"2021-08-30T17:21:01","slug":"pacientes-dializados-podran-atenderse-en-hospital-de-ovalle-desde-octubre-proximo","status":"publish","type":"post","link":"https:\/\/www.radiolimari.cl\/?p=5689","title":{"rendered":"Pacientes dializados podr\u00e1n atenderse en Hospital de Ovalle desde octubre pr\u00f3ximo"},"content":{"rendered":"<p><a href=\"https:\/\/www.radiolimari.cl\/wp-content\/uploads\/2021\/08\/30.8-MW-Dialisis-Ovalle.jpeg\"><img fetchpriority=\"high\" decoding=\"async\" class=\"alignnone size-medium wp-image-5690\" src=\"https:\/\/www.radiolimari.cl\/wp-content\/uploads\/2021\/08\/30.8-MW-Dialisis-Ovalle-300x245.jpeg\" alt=\"30.8 MW Dialisis Ovalle\" width=\"300\" height=\"245\" srcset=\"https:\/\/www.radiolimari.cl\/wp-content\/uploads\/2021\/08\/30.8-MW-Dialisis-Ovalle-300x245.jpeg 300w, https:\/\/www.radiolimari.cl\/wp-content\/uploads\/2021\/08\/30.8-MW-Dialisis-Ovalle-1024x838.jpeg 1024w, https:\/\/www.radiolimari.cl\/wp-content\/uploads\/2021\/08\/30.8-MW-Dialisis-Ovalle.jpeg 1280w\" sizes=\"(max-width: 300px) 100vw, 300px\" \/><\/a><\/p>\n<p><i style=\"color: #000000;\">Tras una visita del diputado Mat\u00edas Walker, el director de Hospital inform\u00f3 que en un mes comenzar\u00e1n estas atenciones y se acabar\u00e1n los viajes de pacientes a La Serena o Coquimbo.<\/i><!--more--><\/p>\n<p style=\"color: #000000;\">En octubre pr\u00f3ximo iniciar\u00e1 sus funciones el Centro de Di\u00e1lisis del Hospital de Ovalle, el que por diversos problemas a\u00fan no puede comenzar a atender a los pacientes de la provincia del Limar\u00ed.<\/p>\n<p style=\"color: #000000;\">Esta fue la informaci\u00f3n que recibi\u00f3 el diputado Mat\u00edas Walker tras una visita al hospital Ovallino para analizar este tema con profesionales y funcionarios, ocasi\u00f3n en que el director subrogante del centro hospitalario, confirm\u00f3 que en octubre terminan los viajes a otras comunas para cumplir con este tratamiento.<\/p>\n<p style=\"color: #000000;\">\u201cRecibimos una buena noticia de parte del director del hospital. El 3 de octubre el d\u00eda del aniversario del Hospital de Ovalle, se va a poner en funcionamiento, por fin, el centro de hemodi\u00e1lisis con todos sus sillones, para que podamos recibir a todos los pacientes de la provincia de Limar\u00ed y no tengan que trasladarse m\u00e1s a La Serena y Coquimbo para hacer sus tratamientos\u201d, dijo Mat\u00edas Walker.<\/p>\n<p style=\"color: #000000;\">En nombre del hospital de Ovalle, su director subrogante, el doctor Juan Pablo Figueroa, se\u00f1al\u00f3 que \u201cesperamos que el pr\u00f3ximo 3 de octubre, cuando se celebra el d\u00eda del hospital, podamos inaugurar sus atenciones a todos los pacientes que tienen que realizarse hemodi\u00e1lisis hoy d\u00eda en otras ciudades de la regi\u00f3n. Esperamos ayudarles, que est\u00e9n con nosotros en nuestro hospital y evitar viajes innecesarios a centros de La Serena o de Coquimbo\u201d.<\/p>\n<p style=\"color: #000000;\">\n<p style=\"color: #000000;\">El diputado Mat\u00edas Walker explic\u00f3 que ser\u00e1n m\u00e1s de 50 pacientes los que se dializar\u00e1n desde octubre en el hospital provincial de Limar\u00ed, los que provienen de Monte Patria, R\u00edo Hurtado, Combarbal\u00e1 y Ovalle. Para ellos ya no ser\u00e1 necesario viajar hasta Coquimbo o La Serena, sino que recibir\u00e1n este tratamiento de di\u00e1lisis m\u00e1s cerca de su hogar.<\/p>\n","protected":false},"excerpt":{"rendered":"<p>Tras una visita del diputado Mat\u00edas Walker, el director de Hospital inform\u00f3 que en un mes comenzar\u00e1n estas atenciones y se acabar\u00e1n los viajes de pacientes a La Serena o Coquimbo.<\/p>\n","protected":false},"author":2,"featured_media":5690,"comment_status":"open","ping_status":"open","sticky":false,"template":"","format":"standard","meta":{"footnotes":""},"categories":[5],"tags":[],"class_list":["post-5689","post","type-post","status-publish","format-standard","has-post-thumbnail","hentry","category-actualidad-limarina"],"_links":{"self":[{"href":"https:\/\/www.radiolimari.cl\/index.php?rest_route=\/wp\/v2\/posts\/5689","targetHints":{"allow":["GET"]}}],"collection":[{"href":"https:\/\/www.radiolimari.cl\/index.php?rest_route=\/wp\/v2\/posts"}],"about":[{"href":"https:\/\/www.radiolimari.cl\/index.php?rest_route=\/wp\/v2\/types\/post"}],"author":[{"embeddable":true,"href":"https:\/\/www.radiolimari.cl\/index.php?rest_route=\/wp\/v2\/users\/2"}],"replies":[{"embeddable":true,"href":"https:\/\/www.radiolimari.cl\/index.php?rest_route=%2Fwp%2Fv2%2Fcomments&post=5689"}],"version-history":[{"count":1,"href":"https:\/\/www.radiolimari.cl\/index.php?rest_route=\/wp\/v2\/posts\/5689\/revisions"}],"predecessor-version":[{"id":5691,"href":"https:\/\/www.radiolimari.cl\/index.php?rest_route=\/wp\/v2\/posts\/5689\/revisions\/5691"}],"wp:featuredmedia":[{"embeddable":true,"href":"https:\/\/www.radiolimari.cl\/index.php?rest_route=\/wp\/v2\/media\/5690"}],"wp:attachment":[{"href":"https:\/\/www.radiolimari.cl\/index.php?rest_route=%2Fwp%2Fv2%2Fmedia&parent=5689"}],"wp:term":[{"taxonomy":"category","embeddable":true,"href":"https:\/\/www.radiolimari.cl\/index.php?rest_route=%2Fwp%2Fv2%2Fcategories&post=5689"},{"taxonomy":"post_tag","embeddable":true,"href":"https:\/\/www.radiolimari.cl\/index.php?rest_route=%2Fwp%2Fv2%2Ftags&post=5689"}],"curies":[{"name":"wp","href":"https:\/\/api.w.org\/{rel}","templated":true}]}}