{"id":5686,"date":"2021-08-30T14:03:46","date_gmt":"2021-08-30T14:03:46","guid":{"rendered":"http:\/\/www.radiolimari.cl\/?p=5686"},"modified":"2021-08-30T14:03:46","modified_gmt":"2021-08-30T14:03:46","slug":"delegacion-presidencial-regional-de-coquimbo-funcionara-de-manera-remota-ante-casos-confirmados-de-covid19","status":"publish","type":"post","link":"https:\/\/www.radiolimari.cl\/?p=5686","title":{"rendered":"Delegaci\u00f3n Presidencial Regional de Coquimbo funcionar\u00e1 de manera remota ante casos confirmados de covid19"},"content":{"rendered":"<p><a href=\"https:\/\/www.radiolimari.cl\/wp-content\/uploads\/2021\/08\/delegacion-regional-presidencial.jpg\"><img fetchpriority=\"high\" decoding=\"async\" class=\"alignnone size-medium wp-image-5687\" src=\"https:\/\/www.radiolimari.cl\/wp-content\/uploads\/2021\/08\/delegacion-regional-presidencial-300x300.jpg\" alt=\"delegacion regional presidencial\" width=\"300\" height=\"300\" srcset=\"https:\/\/www.radiolimari.cl\/wp-content\/uploads\/2021\/08\/delegacion-regional-presidencial-300x300.jpg 300w, https:\/\/www.radiolimari.cl\/wp-content\/uploads\/2021\/08\/delegacion-regional-presidencial-150x150.jpg 150w, https:\/\/www.radiolimari.cl\/wp-content\/uploads\/2021\/08\/delegacion-regional-presidencial-70x70.jpg 70w, https:\/\/www.radiolimari.cl\/wp-content\/uploads\/2021\/08\/delegacion-regional-presidencial.jpg 400w\" sizes=\"(max-width: 300px) 100vw, 300px\" \/><\/a><\/p>\n<p>La Delegaci\u00f3n Presidencial Regional de Coquimbo informa que cinco funcionarios directos de este servicio, ubicado en la ciudad de La Serena, fueron confirmados como casos covid positivo.<!--more--><\/p>\n<p>Junto a ellos, se comunica que otras tres personas, de una empresa de prestaci\u00f3n de servicios hacia la Delegaci\u00f3n, tambi\u00e9n fueron confirmadas como casos positivos.<\/p>\n<p>Dichos funcionarios, tantos los directos como los de apoyo externo, tal como lo establece el protocolo del Ministerio de Salud, est\u00e1n cumpliendo sus respectivas cuarentenas en sus hogares.<\/p>\n<p>Se trata, en todos los casos, de trabajadores y colaboradores que <strong>no realizan labores de atenci\u00f3n a p\u00fablico usuario<\/strong> de la DPR ni mantienen contacto directo con autoridades.<\/p>\n<p>Por consiguiente, se ha dispuesto que los funcionarios de esta Delegaci\u00f3n Presidencial Regional realicen sus trabajos de manera telem\u00e1tica y bajo todas las condiciones de resguardo que exige la autoridad sanitaria.<\/p>\n<p>La Direcci\u00f3n de Administraci\u00f3n y Finanzas del servicio ha solicitado a los funcionarios que han estado desarrollando sus labores de manera presencial y a quienes retoman su din\u00e1mica tras cumplir sus d\u00edas de descanso, a realizarse ex\u00e1menes PCR y seguir, en consecuencia, sus correspondientes cuarentenas preventivas.<\/p>\n<p>En tanto, la Delegaci\u00f3n Presidencial Regional, del edificio ubicado en la comuna de Coquimbo, se encontrar\u00e1 abierta para atenci\u00f3n de p\u00fablico.<\/p>\n<p>Para hacer llegar consultas, tr\u00e1mites o documentos, favor derivarlos a <a href=\"mailto:partesdprcoquimbo@interior.gob.cl\">partesdprcoquimbo@interior.gob.cl<\/a>.<\/p>\n<p>La Delegaci\u00f3n Presidencial Regional de Coquimbo implementa diariamente estrictos protocolos de cuidado entre cada uno de sus funcionarios, facilitando los elementos de protecci\u00f3n personal (EPP) necesarios para garantizar la salud de ellos y de los usuarios, promoviendo el distanciamiento social y realizando operativos de sanitizaci\u00f3n y disposici\u00f3n de alcohol gel en las oficinas, espacios de trabajos y \u00e1reas comunes como pasillos y salones.<\/p>\n<p>&nbsp;<\/p>\n<p>&nbsp;<\/p>\n<p><strong>\u00a0<\/strong><\/p>\n","protected":false},"excerpt":{"rendered":"<p>La Delegaci\u00f3n Presidencial Regional de Coquimbo informa que cinco funcionarios directos de este servicio, ubicado en la ciudad de La Serena, fueron confirmados como casos covid positivo.<\/p>\n","protected":false},"author":2,"featured_media":5687,"comment_status":"open","ping_status":"open","sticky":false,"template":"","format":"standard","meta":{"footnotes":""},"categories":[3],"tags":[],"class_list":["post-5686","post","type-post","status-publish","format-standard","has-post-thumbnail","hentry","category-actualidad"],"_links":{"self":[{"href":"https:\/\/www.radiolimari.cl\/index.php?rest_route=\/wp\/v2\/posts\/5686","targetHints":{"allow":["GET"]}}],"collection":[{"href":"https:\/\/www.radiolimari.cl\/index.php?rest_route=\/wp\/v2\/posts"}],"about":[{"href":"https:\/\/www.radiolimari.cl\/index.php?rest_route=\/wp\/v2\/types\/post"}],"author":[{"embeddable":true,"href":"https:\/\/www.radiolimari.cl\/index.php?rest_route=\/wp\/v2\/users\/2"}],"replies":[{"embeddable":true,"href":"https:\/\/www.radiolimari.cl\/index.php?rest_route=%2Fwp%2Fv2%2Fcomments&post=5686"}],"version-history":[{"count":1,"href":"https:\/\/www.radiolimari.cl\/index.php?rest_route=\/wp\/v2\/posts\/5686\/revisions"}],"predecessor-version":[{"id":5688,"href":"https:\/\/www.radiolimari.cl\/index.php?rest_route=\/wp\/v2\/posts\/5686\/revisions\/5688"}],"wp:featuredmedia":[{"embeddable":true,"href":"https:\/\/www.radiolimari.cl\/index.php?rest_route=\/wp\/v2\/media\/5687"}],"wp:attachment":[{"href":"https:\/\/www.radiolimari.cl\/index.php?rest_route=%2Fwp%2Fv2%2Fmedia&parent=5686"}],"wp:term":[{"taxonomy":"category","embeddable":true,"href":"https:\/\/www.radiolimari.cl\/index.php?rest_route=%2Fwp%2Fv2%2Fcategories&post=5686"},{"taxonomy":"post_tag","embeddable":true,"href":"https:\/\/www.radiolimari.cl\/index.php?rest_route=%2Fwp%2Fv2%2Ftags&post=5686"}],"curies":[{"name":"wp","href":"https:\/\/api.w.org\/{rel}","templated":true}]}}