{"id":5680,"date":"2021-08-27T20:21:23","date_gmt":"2021-08-27T20:21:23","guid":{"rendered":"http:\/\/www.radiolimari.cl\/?p=5680"},"modified":"2021-08-27T20:21:23","modified_gmt":"2021-08-27T20:21:23","slug":"este-sabado-se-realizara-el-operativo-municipio-en-tu-barrio-en-la-villa-charlesbourg-de-ovalle","status":"publish","type":"post","link":"https:\/\/www.radiolimari.cl\/?p=5680","title":{"rendered":"Este s\u00e1bado se realizar\u00e1 el operativo Municipio en tu Barrio en la Villa Charlesbourg de Ovalle"},"content":{"rendered":"<p><a href=\"https:\/\/www.radiolimari.cl\/wp-content\/uploads\/2021\/08\/27.8-Municipio-en-tu-barrio.jpg\"><img fetchpriority=\"high\" decoding=\"async\" class=\"alignnone size-medium wp-image-5681\" src=\"https:\/\/www.radiolimari.cl\/wp-content\/uploads\/2021\/08\/27.8-Municipio-en-tu-barrio-300x225.jpg\" alt=\"27.8 Municipio en tu barrio\" width=\"300\" height=\"225\" srcset=\"https:\/\/www.radiolimari.cl\/wp-content\/uploads\/2021\/08\/27.8-Municipio-en-tu-barrio-300x225.jpg 300w, https:\/\/www.radiolimari.cl\/wp-content\/uploads\/2021\/08\/27.8-Municipio-en-tu-barrio-1024x768.jpg 1024w\" sizes=\"(max-width: 300px) 100vw, 300px\" \/><\/a><\/p>\n<p>Los vecinos de este sector de la parte alta de Ovalle contar\u00e1n los servicios de la entidad consistorial y podr\u00e1n realizar tr\u00e1mites y consultas, a lo que se suma un operativo de limpieza y el retiro de basura hist\u00f3rica. <!--more--><\/p>\n<p>Con el prop\u00f3sito de acercar los departamentos municipales a la comunidad, este s\u00e1bado 28 de agosto se realizar\u00e1 el operativo Municipio en tu Barrio en la Villa Charlesbourg, donde los vecinos tendr\u00e1n la posibilidad de realizar tr\u00e1mites y consulta en las cercan\u00edas de sus hogares.<\/p>\n<p>Los residentes contar\u00e1n con servicio gratuito de Peluquer\u00eda y Podolog\u00eda, principalmente para los adultos mayores, adem\u00e1s de un stand de Carabineros. Durante la jornada el equipo de m\u00e9dicos veterinarios realizar\u00e1 la atenci\u00f3n gratuita de mascotas. Asimismo, personal del departamento de Salud realizar\u00e1 ex\u00e1menes preventivos a los adultos y tambi\u00e9n dispondr\u00e1n de muestras PCR.<\/p>\n<p>Al respecto, el alcalde Claudio Renter\u00eda indic\u00f3 que el objetivo es que los vecinos \u201caprovechen esta oportunidad para realizar tr\u00e1mites y consultas al personal municipal y de deshacerse de artefactos en mal estado que est\u00e1n ocupando espacios en sus patios\u201d.<\/p>\n<p>El departamento de Aseo y Ornato realizar\u00e1 un operativo de limpieza y el retiro de la denominada Basura Hist\u00f3rica, donde los vecinos podr\u00e1n botar artefactos el\u00e9ctricos en desuso, sillones, camas y de esta forma eliminar focos de insalubridad de sus hogares y tambi\u00e9n de sectores ocupados por la comunidad.<\/p>\n<p>Esta acci\u00f3n territorial se ha efectuado en los \u00faltimos a\u00f1os y ha tenido gran aceptaci\u00f3n en la comunidad, ya que algunas personas por razones laborales o de otra \u00edndole no pueden asistir a las dependencias municipales, durante los d\u00edas de semana.<\/p>\n<p>&nbsp;<\/p>\n","protected":false},"excerpt":{"rendered":"<p>Los vecinos de este sector de la parte alta de Ovalle contar\u00e1n los servicios de la entidad consistorial y podr\u00e1n realizar tr\u00e1mites y consultas, a lo que se suma un operativo de limpieza y el retiro de basura hist\u00f3rica.<\/p>\n","protected":false},"author":2,"featured_media":5681,"comment_status":"open","ping_status":"open","sticky":false,"template":"","format":"standard","meta":{"footnotes":""},"categories":[3],"tags":[],"class_list":["post-5680","post","type-post","status-publish","format-standard","has-post-thumbnail","hentry","category-actualidad"],"_links":{"self":[{"href":"https:\/\/www.radiolimari.cl\/index.php?rest_route=\/wp\/v2\/posts\/5680","targetHints":{"allow":["GET"]}}],"collection":[{"href":"https:\/\/www.radiolimari.cl\/index.php?rest_route=\/wp\/v2\/posts"}],"about":[{"href":"https:\/\/www.radiolimari.cl\/index.php?rest_route=\/wp\/v2\/types\/post"}],"author":[{"embeddable":true,"href":"https:\/\/www.radiolimari.cl\/index.php?rest_route=\/wp\/v2\/users\/2"}],"replies":[{"embeddable":true,"href":"https:\/\/www.radiolimari.cl\/index.php?rest_route=%2Fwp%2Fv2%2Fcomments&post=5680"}],"version-history":[{"count":1,"href":"https:\/\/www.radiolimari.cl\/index.php?rest_route=\/wp\/v2\/posts\/5680\/revisions"}],"predecessor-version":[{"id":5682,"href":"https:\/\/www.radiolimari.cl\/index.php?rest_route=\/wp\/v2\/posts\/5680\/revisions\/5682"}],"wp:featuredmedia":[{"embeddable":true,"href":"https:\/\/www.radiolimari.cl\/index.php?rest_route=\/wp\/v2\/media\/5681"}],"wp:attachment":[{"href":"https:\/\/www.radiolimari.cl\/index.php?rest_route=%2Fwp%2Fv2%2Fmedia&parent=5680"}],"wp:term":[{"taxonomy":"category","embeddable":true,"href":"https:\/\/www.radiolimari.cl\/index.php?rest_route=%2Fwp%2Fv2%2Fcategories&post=5680"},{"taxonomy":"post_tag","embeddable":true,"href":"https:\/\/www.radiolimari.cl\/index.php?rest_route=%2Fwp%2Fv2%2Ftags&post=5680"}],"curies":[{"name":"wp","href":"https:\/\/api.w.org\/{rel}","templated":true}]}}