{"id":5677,"date":"2021-08-27T20:15:20","date_gmt":"2021-08-27T20:15:20","guid":{"rendered":"http:\/\/www.radiolimari.cl\/?p=5677"},"modified":"2021-08-27T20:15:20","modified_gmt":"2021-08-27T20:15:20","slug":"en-ovalle-este-sabado-continuara-proceso-de-vacunacion-contra-el-covid-19-en-open-plaza","status":"publish","type":"post","link":"https:\/\/www.radiolimari.cl\/?p=5677","title":{"rendered":"En Ovalle este sabado continuar\u00e1 proceso de vacunaci\u00f3n contra el Covid-19 en Open Plaza"},"content":{"rendered":"<p><a href=\"https:\/\/www.radiolimari.cl\/wp-content\/uploads\/2021\/08\/27.8-Vacunaci\u00f3n-s\u00e1bados-3.jpg\"><img fetchpriority=\"high\" decoding=\"async\" class=\"alignnone size-medium wp-image-5678\" src=\"https:\/\/www.radiolimari.cl\/wp-content\/uploads\/2021\/08\/27.8-Vacunaci\u00f3n-s\u00e1bados-3-300x168.jpg\" alt=\"27.8 Vacunaci\u00f3n s\u00e1bados (3)\" width=\"300\" height=\"168\" srcset=\"https:\/\/www.radiolimari.cl\/wp-content\/uploads\/2021\/08\/27.8-Vacunaci\u00f3n-s\u00e1bados-3-300x168.jpg 300w, https:\/\/www.radiolimari.cl\/wp-content\/uploads\/2021\/08\/27.8-Vacunaci\u00f3n-s\u00e1bados-3-1024x576.jpg 1024w, https:\/\/www.radiolimari.cl\/wp-content\/uploads\/2021\/08\/27.8-Vacunaci\u00f3n-s\u00e1bados-3.jpg 1920w\" sizes=\"(max-width: 300px) 100vw, 300px\" \/><\/a><\/p>\n<p><strong><em>Durante los s\u00e1bados de agosto, el personal del departamento de Salud Municipal realiz\u00f3 jornadas de vacunaci\u00f3n contra el Covid-19 en el centro comercial respetando las indicaciones del calendario oficial del ministerio de Salud. Esta iniciativa continuar\u00e1 durante septiembre, aunque s\u00e1bado por medio. <\/em><\/strong><!--more--><\/p>\n<p>Como forma de darles facilidades a los usuarios locales, el departamento de Salud del municipio de Ovalle inici\u00f3 un proceso de vacunaci\u00f3n los d\u00edas s\u00e1bados en el mall Open Ovalle, desde las 10.00 de la ma\u00f1ana hasta las 13.00 horas. Esta acci\u00f3n ha tra\u00eddo buenos resultados, puesto que muchas personas, debido a situaciones laborales o de otra \u00edndole, no puede asistir al centro de vacunaci\u00f3n habilitado en el Estadio Municipal Diaguita, durante los d\u00edas de semana.<\/p>\n<p>Esta iniciativa se desarrollar\u00eda s\u00f3lo durante el mes de agosto, pero se va a extender por el mes de septiembre, pero con la modificaci\u00f3n que los equipos asistir\u00e1n al centro comercial, s\u00e1bados por medio, iniciando el 11 de septiembre.<\/p>\n<p>Este lugar ser\u00e1 una prolongaci\u00f3n del proceso que se lleva a cabo en el recinto deportivo, ya que s\u00f3lo se inocular\u00e1 a las personas que cumplan con los requisitos establecidos por el calendario oficial de vacunaci\u00f3n, que es entregado semanalmente por el ministerio de Salud, tanto para la poblaci\u00f3n general, como para quienes necesitan la dosis de refuerzo.<\/p>\n<p>Vacunaci\u00f3n pr\u00f3xima semana<\/p>\n<p>Desde el lunes 30 de agosto hasta el mi\u00e9rcoles 1 de septiembre, se vacunar\u00e1, con primera dosis a la poblaci\u00f3n rezagada desde los 18 a\u00f1os, y se administrar\u00e1\u00a0 la segunda dosis a quienes hayan sido inoculados con Sinovac o AstraZeneca. No se administrar\u00e1 primera dosis a menores de 18 a\u00f1os.<\/p>\n<p>En tanto, el jueves 2 y viernes 3 de septiembre, ser\u00e1 el turno de quienes les corresponde la segunda dosis Pfizer, pero que se hayan puesto su primera dosis hasta el 8 de agosto. Durante estas dos jornadas no se habr\u00e1 disponibles primeras dosis para ninguna edad y continuar\u00e1 la vacunaci\u00f3n a mujeres embarazadas desde 16 semanas de edad gestacional y de adolescentes entre 14 y 17 a\u00f1os y con comorbilidades de entre 12 y 17 a\u00f1os.<\/p>\n<p>En cuanto a la dosis de refuerzo, la pr\u00f3xima semana se vacunar\u00e1 a las personas de entre 55 y 66 a\u00f1os, que hayan completado su esquema de vacunaci\u00f3n hasta el 4 de abril. Asimismo, continuar\u00e1 la vacunaci\u00f3n a personas inmunocomprometidas desde los 16 a\u00f1os, que hayan completado su esquema de vacunaci\u00f3n hasta el 16 de mayo y que presenten un trasplante de \u00f3rganos s\u00f3lidos, precursores hematopoy\u00e9ticos, c\u00e1ncer en tratamiento, enfermedades autoinmunes en tratamientos, peque\u00f1as mol\u00e9culas, dializados (Hemo o peritoneo). \u201cQuienes presenten algunas de estas condiciones deber\u00e1n acreditarla con una receta o certificado m\u00e9dico, para proceder a su vacunaci\u00f3n\u201d indic\u00f3 la enfermera del departamento de Salud Municipal, Tania Tirado.<\/p>\n","protected":false},"excerpt":{"rendered":"<p>Durante los s\u00e1bados de agosto, el personal del departamento de Salud Municipal realiz\u00f3 jornadas de vacunaci\u00f3n contra el Covid-19 en el centro comercial respetando las indicaciones del calendario oficial del ministerio de Salud. Esta iniciativa continuar\u00e1 durante septiembre, aunque s\u00e1bado por medio.<\/p>\n","protected":false},"author":2,"featured_media":5678,"comment_status":"open","ping_status":"open","sticky":false,"template":"","format":"standard","meta":{"footnotes":""},"categories":[5],"tags":[],"class_list":["post-5677","post","type-post","status-publish","format-standard","has-post-thumbnail","hentry","category-actualidad-limarina"],"_links":{"self":[{"href":"https:\/\/www.radiolimari.cl\/index.php?rest_route=\/wp\/v2\/posts\/5677","targetHints":{"allow":["GET"]}}],"collection":[{"href":"https:\/\/www.radiolimari.cl\/index.php?rest_route=\/wp\/v2\/posts"}],"about":[{"href":"https:\/\/www.radiolimari.cl\/index.php?rest_route=\/wp\/v2\/types\/post"}],"author":[{"embeddable":true,"href":"https:\/\/www.radiolimari.cl\/index.php?rest_route=\/wp\/v2\/users\/2"}],"replies":[{"embeddable":true,"href":"https:\/\/www.radiolimari.cl\/index.php?rest_route=%2Fwp%2Fv2%2Fcomments&post=5677"}],"version-history":[{"count":1,"href":"https:\/\/www.radiolimari.cl\/index.php?rest_route=\/wp\/v2\/posts\/5677\/revisions"}],"predecessor-version":[{"id":5679,"href":"https:\/\/www.radiolimari.cl\/index.php?rest_route=\/wp\/v2\/posts\/5677\/revisions\/5679"}],"wp:featuredmedia":[{"embeddable":true,"href":"https:\/\/www.radiolimari.cl\/index.php?rest_route=\/wp\/v2\/media\/5678"}],"wp:attachment":[{"href":"https:\/\/www.radiolimari.cl\/index.php?rest_route=%2Fwp%2Fv2%2Fmedia&parent=5677"}],"wp:term":[{"taxonomy":"category","embeddable":true,"href":"https:\/\/www.radiolimari.cl\/index.php?rest_route=%2Fwp%2Fv2%2Fcategories&post=5677"},{"taxonomy":"post_tag","embeddable":true,"href":"https:\/\/www.radiolimari.cl\/index.php?rest_route=%2Fwp%2Fv2%2Ftags&post=5677"}],"curies":[{"name":"wp","href":"https:\/\/api.w.org\/{rel}","templated":true}]}}