{"id":5667,"date":"2021-08-25T14:06:56","date_gmt":"2021-08-25T14:06:56","guid":{"rendered":"http:\/\/www.radiolimari.cl\/?p=5667"},"modified":"2021-08-25T14:06:56","modified_gmt":"2021-08-25T14:06:56","slug":"jornada-presencial-de-activacion-y-capacitacion-marca-inicio-de-programa-acciona-en-la-region-de-coquimbo","status":"publish","type":"post","link":"https:\/\/www.radiolimari.cl\/?p=5667","title":{"rendered":"Jornada presencial de activaci\u00f3n y capacitaci\u00f3n marca inicio de programa Acciona en la Regi\u00f3n de Coquimbo"},"content":{"rendered":"<p><a href=\"https:\/\/www.radiolimari.cl\/wp-content\/uploads\/2021\/08\/escuela-el-crisol.png\"><img decoding=\"async\" class=\"alignnone size-medium wp-image-5668\" src=\"https:\/\/www.radiolimari.cl\/wp-content\/uploads\/2021\/08\/escuela-el-crisol-300x159.png\" alt=\"escuela el crisol\" width=\"300\" height=\"159\" srcset=\"https:\/\/www.radiolimari.cl\/wp-content\/uploads\/2021\/08\/escuela-el-crisol-300x160.png 300w, https:\/\/www.radiolimari.cl\/wp-content\/uploads\/2021\/08\/escuela-el-crisol-620x330.png 620w, https:\/\/www.radiolimari.cl\/wp-content\/uploads\/2021\/08\/escuela-el-crisol.png 796w\" sizes=\"(max-width: 300px) 100vw, 300px\" \/><\/a><\/p>\n<p><span style=\"color: #222222;\">Las escuelas beneficiadas en esta etapa, con un marcado \u00e9nfasis en un proceso de diagn\u00f3stico profundo sobre las proyecciones de este trabajo, ser\u00e1n la Escuela El Crisol\u00a0 de Ovalle,\u00a0 \u00a0la Escuela B\u00e1sica Ercole Bencini (Los Vilos), Escuela Saturno (La Serena) y Escuela Gabriela Mistral (Paihuano).<\/span><!--more--><\/p>\n<p style=\"font-weight: 400;\"><b style=\"color: #222222;\"><span lang=\"ES\">Trabajo conjunto ejecutado por la Seremi de las Culturas, las Artes y el Patrimonio de la Regi\u00f3n de Coquimbo y la Direcci\u00f3n de Extensi\u00f3n Art\u00edstica y Cultural de la UCSC.<\/span><\/b><\/p>\n<p style=\"font-weight: 400;\">Se dio inicio al programa Acciona, iniciativa que busca\u00a0aumentar la participaci\u00f3n activa de estudiantes en procesos de aprendizaje a trav\u00e9s de la cultura y las artes, y as\u00ed fortalecer sus capacidades socio-afectivas, desarrollar su creatividad y valorar su patrimonio cultural local. De esta manera, se busca\u00a0integrar las artes en la pr\u00e1ctica pedag\u00f3gica tradicional a trav\u00e9s de la ejecuci\u00f3n de 14 proyectos art\u00edsticos, que este a\u00f1o, luego de un per\u00edodo de incertidumbre y adaptaci\u00f3n a nuevos formatos, se llevar\u00e1n a cabo de manera virtual en cuatro establecimientos educacionales de la regi\u00f3n.<\/p>\n<p style=\"font-weight: 400;\">A trav\u00e9s del trabajo conjunto entre la Universidad Cat\u00f3lica de la Sant\u00edsima Concepci\u00f3n y la Seremi de las Culturas, las Artes y el Patrimonio de la Regi\u00f3n de Coquimbo, este 2021 el programa Acciona surge como una estrategia en com\u00fan entre ambas instituciones, con el objetivo de contribuir al mejoramiento de la calidad de la educaci\u00f3n escolar desde los \u00e1mbitos del arte y la cultura, intencionando un trabajo colaborativo de los equipos directivos, docentes y artistas educadores.<\/p>\n<p style=\"font-weight: 400;\">Francisco Varas, seremi de las Culturas, destac\u00f3 que \u201cel programa Acciona, de nuestro ministerio, busca apoyar a los colegios municipales que tienen proyectos educativos vinculados al arte y la cultura, a trav\u00e9s de una asistencia t\u00e9cnica a cargo de diferentes artistas, quienes se insertan en el establecimiento para fortalecer al m\u00e1ximo el proyecto educativo y el aprendizaje de los estudiantes, por medio de una formaci\u00f3n integral\u201d.<\/p>\n<p style=\"font-weight: 400;\">Al respecto, Gloria Varela, directora de Extensi\u00f3n Art\u00edstica y Cultural de la UCSC, se\u00f1al\u00f3: \u201cEste proyecto representa un reconocimiento a m\u00e1s de diez a\u00f1os de trabajo continuo por la educaci\u00f3n art\u00edstica, reflejada espec\u00edficamente en nuestro exitoso programa de Formaci\u00f3n de Nuevos P\u00fablicos\u201d.<\/p>\n<p style=\"font-weight: 400;\">Las escuelas beneficiadas en esta etapa, con un marcado \u00e9nfasis en un proceso de diagn\u00f3stico profundo sobre las proyecciones de este trabajo, ser\u00e1n la Escuela B\u00e1sica Ercole Bencini (Los Vilos), Escuela El Crisol (Ovalle), Escuela Saturno (La Serena) y Escuela Gabriela Mistral (Paihuano), quienes contar\u00e1n con un equipo de diez artistas educadores, los que a su vez realizar\u00e1n duplas pedag\u00f3gicas con docentes de estos establecimientos, buscando generar experiencias significativas para sus estudiantes.<\/p>\n<p style=\"font-weight: 400;\"><strong>Jornada de Activaci\u00f3n y Capacitaci\u00f3n<\/strong><\/p>\n<p style=\"font-weight: 400;\">El equipo de la Direcci\u00f3n de Extensi\u00f3n Art\u00edstica y Cultural de la UCSC, liderado por V\u00edctor Aravena, Jefe de Unidad de Recursos y Redes Culturales, entreg\u00f3 las primeras orientaciones para la implementaci\u00f3n del programa, comenzando as\u00ed un proceso de capacitaci\u00f3n enfocado en favorecer la interdisciplinaridad para docentes y directivos, el que ser\u00e1 certificado por la Universidad Cat\u00f3lica de la Sant\u00edsima Concepci\u00f3n.<\/p>\n<p style=\"font-weight: 400;\">La capacitaci\u00f3n estuvo a cargo de Manuel Loyola, experto en el \u00e1rea de educaci\u00f3n art\u00edstica y director de teatro, quien, junto al equipo coordinador integrado por Luz Marina Vergara y Carmen Gloria Moya, implementar\u00e1n entre los meses de agosto a diciembre la ejecuci\u00f3n del programa, que marca el comienzo de un interesante proceso de vinculaci\u00f3n entre el mundo universitario y la educaci\u00f3n p\u00fablica, desde una mirada descentralizadora y enfocada en el arte y la cultura como instrumentos de crecimiento, transformaci\u00f3n y desarrollo para los ni\u00f1os, ni\u00f1as y j\u00f3venes de la regi\u00f3n.<\/p>\n<p>&nbsp;<\/p>\n","protected":false},"excerpt":{"rendered":"<p>Las escuelas beneficiadas en esta etapa, con un marcado \u00e9nfasis en un proceso de diagn\u00f3stico profundo sobre las proyecciones de este trabajo, ser\u00e1n la Escuela El Crisol\u00a0 de Ovalle,\u00a0 \u00a0la Escuela B\u00e1sica Ercole Bencini (Los Vilos), Escuela Saturno (La Serena) y Escuela Gabriela Mistral (Paihuano).<\/p>\n","protected":false},"author":2,"featured_media":5668,"comment_status":"open","ping_status":"open","sticky":false,"template":"","format":"standard","meta":{"footnotes":""},"categories":[6],"tags":[],"class_list":["post-5667","post","type-post","status-publish","format-standard","has-post-thumbnail","hentry","category-regionales"],"_links":{"self":[{"href":"https:\/\/www.radiolimari.cl\/index.php?rest_route=\/wp\/v2\/posts\/5667","targetHints":{"allow":["GET"]}}],"collection":[{"href":"https:\/\/www.radiolimari.cl\/index.php?rest_route=\/wp\/v2\/posts"}],"about":[{"href":"https:\/\/www.radiolimari.cl\/index.php?rest_route=\/wp\/v2\/types\/post"}],"author":[{"embeddable":true,"href":"https:\/\/www.radiolimari.cl\/index.php?rest_route=\/wp\/v2\/users\/2"}],"replies":[{"embeddable":true,"href":"https:\/\/www.radiolimari.cl\/index.php?rest_route=%2Fwp%2Fv2%2Fcomments&post=5667"}],"version-history":[{"count":1,"href":"https:\/\/www.radiolimari.cl\/index.php?rest_route=\/wp\/v2\/posts\/5667\/revisions"}],"predecessor-version":[{"id":5669,"href":"https:\/\/www.radiolimari.cl\/index.php?rest_route=\/wp\/v2\/posts\/5667\/revisions\/5669"}],"wp:featuredmedia":[{"embeddable":true,"href":"https:\/\/www.radiolimari.cl\/index.php?rest_route=\/wp\/v2\/media\/5668"}],"wp:attachment":[{"href":"https:\/\/www.radiolimari.cl\/index.php?rest_route=%2Fwp%2Fv2%2Fmedia&parent=5667"}],"wp:term":[{"taxonomy":"category","embeddable":true,"href":"https:\/\/www.radiolimari.cl\/index.php?rest_route=%2Fwp%2Fv2%2Fcategories&post=5667"},{"taxonomy":"post_tag","embeddable":true,"href":"https:\/\/www.radiolimari.cl\/index.php?rest_route=%2Fwp%2Fv2%2Ftags&post=5667"}],"curies":[{"name":"wp","href":"https:\/\/api.w.org\/{rel}","templated":true}]}}