{"id":5662,"date":"2021-08-25T13:25:16","date_gmt":"2021-08-25T13:25:16","guid":{"rendered":"http:\/\/www.radiolimari.cl\/?p=5662"},"modified":"2021-08-25T13:26:27","modified_gmt":"2021-08-25T13:26:27","slug":"delegado-presidencial-del-limari-valora-anuncio-de-adquisicion-de-vehiculos-para-carabineros","status":"publish","type":"post","link":"https:\/\/www.radiolimari.cl\/?p=5662","title":{"rendered":"Delegado Presidencial del Limar\u00ed valora anuncio de adquisici\u00f3n de veh\u00edculos para Carabineros"},"content":{"rendered":"<p><a href=\"https:\/\/www.radiolimari.cl\/wp-content\/uploads\/2021\/08\/25.8-vehiculos-de-carabineros.jpeg\"><img fetchpriority=\"high\" decoding=\"async\" class=\"alignnone size-medium wp-image-5663\" src=\"https:\/\/www.radiolimari.cl\/wp-content\/uploads\/2021\/08\/25.8-vehiculos-de-carabineros-300x199.jpeg\" alt=\"25.8 vehiculos de carabineros\" width=\"300\" height=\"199\" srcset=\"https:\/\/www.radiolimari.cl\/wp-content\/uploads\/2021\/08\/25.8-vehiculos-de-carabineros-300x199.jpeg 300w, https:\/\/www.radiolimari.cl\/wp-content\/uploads\/2021\/08\/25.8-vehiculos-de-carabineros.jpeg 1024w\" sizes=\"(max-width: 300px) 100vw, 300px\" \/><\/a><\/p>\n<p><strong><em>Autoridad destaca el reforzamiento de la labor policial especialmente en los territorios de gran dispersi\u00f3n geogr\u00e1fica.<\/em><\/strong><!--more--><\/p>\n<p>El presidente Sebasti\u00e1n Pi\u00f1era ha anunciado la adquisici\u00f3n de m\u00e1s de 600 veh\u00edculos policiales para reforzar la labor de carabineros en todo el\u00a0 pa\u00eds, respondiendo a la sentida necesidad ciudadana por mayores patrullajes y presencia policial en las calles. Se trata de la adquisici\u00f3n m\u00e1s grande desde el 2015 y ya se est\u00e1n distribuyendo en las distintas comunas del pa\u00eds. En la regi\u00f3n de Coquimbo se espera el pronto arribo de los m\u00f3viles policiales a fin de reforzar el\u00a0 trabajo territorial de Carabineros.<\/p>\n<p>El Delegado Presidencial Regional (S) Iv\u00e1n Espinoza, destac\u00f3 esta medida anunciada por el presidente, indicando que \u201centendemos la seguridad p\u00fablica como una las prioridades m\u00e1s relevantes de las familias chilenas y por eso valoramos la importancia que tiene esta adquisici\u00f3n. En una regi\u00f3n\u00a0 como la nuestra, con grandes ciudades y tambi\u00e9n con un gran porcentaje de ruralidad, la presencia policial es muy necesaria para atender las demandas de la ciudadan\u00eda. Esperamos en los pr\u00f3ximos d\u00edas anunciar la llegada de veh\u00edculos a la regi\u00f3n que ser\u00e1n asignados a las comunas conforme a las prioridades que determinen los an\u00e1lisis internos a nivel regional\u201d.<\/p>\n<p>Se estima que Carabineros cuenta actualmente a nivel nacional, con 6.231 veh\u00edculos, por lo que con esta entrega, se estar\u00e1 aumentando en un 10% el n\u00famero de m\u00f3viles de la instituci\u00f3n.<\/p>\n<p>Fotografia: Imagen referencial<\/p>\n<p>&nbsp;<\/p>\n","protected":false},"excerpt":{"rendered":"<p>Autoridad destaca el reforzamiento de la labor policial especialmente en los territorios de gran dispersi\u00f3n geogr\u00e1fica.<\/p>\n","protected":false},"author":2,"featured_media":5663,"comment_status":"open","ping_status":"open","sticky":false,"template":"","format":"standard","meta":{"footnotes":""},"categories":[3],"tags":[],"class_list":["post-5662","post","type-post","status-publish","format-standard","has-post-thumbnail","hentry","category-actualidad"],"_links":{"self":[{"href":"https:\/\/www.radiolimari.cl\/index.php?rest_route=\/wp\/v2\/posts\/5662","targetHints":{"allow":["GET"]}}],"collection":[{"href":"https:\/\/www.radiolimari.cl\/index.php?rest_route=\/wp\/v2\/posts"}],"about":[{"href":"https:\/\/www.radiolimari.cl\/index.php?rest_route=\/wp\/v2\/types\/post"}],"author":[{"embeddable":true,"href":"https:\/\/www.radiolimari.cl\/index.php?rest_route=\/wp\/v2\/users\/2"}],"replies":[{"embeddable":true,"href":"https:\/\/www.radiolimari.cl\/index.php?rest_route=%2Fwp%2Fv2%2Fcomments&post=5662"}],"version-history":[{"count":2,"href":"https:\/\/www.radiolimari.cl\/index.php?rest_route=\/wp\/v2\/posts\/5662\/revisions"}],"predecessor-version":[{"id":5665,"href":"https:\/\/www.radiolimari.cl\/index.php?rest_route=\/wp\/v2\/posts\/5662\/revisions\/5665"}],"wp:featuredmedia":[{"embeddable":true,"href":"https:\/\/www.radiolimari.cl\/index.php?rest_route=\/wp\/v2\/media\/5663"}],"wp:attachment":[{"href":"https:\/\/www.radiolimari.cl\/index.php?rest_route=%2Fwp%2Fv2%2Fmedia&parent=5662"}],"wp:term":[{"taxonomy":"category","embeddable":true,"href":"https:\/\/www.radiolimari.cl\/index.php?rest_route=%2Fwp%2Fv2%2Fcategories&post=5662"},{"taxonomy":"post_tag","embeddable":true,"href":"https:\/\/www.radiolimari.cl\/index.php?rest_route=%2Fwp%2Fv2%2Ftags&post=5662"}],"curies":[{"name":"wp","href":"https:\/\/api.w.org\/{rel}","templated":true}]}}