{"id":5654,"date":"2021-08-24T14:54:18","date_gmt":"2021-08-24T14:54:18","guid":{"rendered":"http:\/\/www.radiolimari.cl\/?p=5654"},"modified":"2021-08-24T14:54:52","modified_gmt":"2021-08-24T14:54:52","slug":"explora-coquiimbo-abre-convocatoria-al-congreso-regional-explora-de-investigacion-e-innovacion-escolar-2021","status":"publish","type":"post","link":"https:\/\/www.radiolimari.cl\/?p=5654","title":{"rendered":"Explora Coquimbo  abre convocatoria al Congreso Regional Explora de Investigaci\u00f3n e Innovaci\u00f3n Escolar 2021"},"content":{"rendered":"<p><a href=\"https:\/\/www.radiolimari.cl\/wp-content\/uploads\/2021\/08\/24.8-conv-equipos_Banner-WEB.jpg\"><img fetchpriority=\"high\" decoding=\"async\" class=\"alignnone size-medium wp-image-5655\" src=\"https:\/\/www.radiolimari.cl\/wp-content\/uploads\/2021\/08\/24.8-conv-equipos_Banner-WEB-300x193.jpg\" alt=\"24.8 conv-equipos_Banner WEB\" width=\"300\" height=\"193\" srcset=\"https:\/\/www.radiolimari.cl\/wp-content\/uploads\/2021\/08\/24.8-conv-equipos_Banner-WEB-300x193.jpg 300w, https:\/\/www.radiolimari.cl\/wp-content\/uploads\/2021\/08\/24.8-conv-equipos_Banner-WEB-1024x660.jpg 1024w, https:\/\/www.radiolimari.cl\/wp-content\/uploads\/2021\/08\/24.8-conv-equipos_Banner-WEB.jpg 1110w\" sizes=\"(max-width: 300px) 100vw, 300px\" \/><\/a><\/p>\n<p><em>El evento, que se realizar\u00e1 de forma virtual entre el 9 y 12 de noviembre, ser\u00e1 un espacio de socializaci\u00f3n donde alumnos y alumnas podr\u00e1n presentar los resultados de sus investigaciones y compartir su conocimiento. <\/em><!--more--><\/p>\n<p>\u00bfC\u00f3mo se han adaptado docentes y estudiantes para para investigar en tiempos de pandemia? \u00bfExisten instancias para que den a conocer sus trabajos con otros\/as pares? Precisamente, para responder a estas interrogantes y para difundir la investigaci\u00f3n escolar de la zona, el Proyecto Explora Coquimbo del Ministerio de Ciencia, y ejecutado por la Universidad Cat\u00f3lica del Norte, convoca al Congreso Regional Explora de Investigaci\u00f3n e Innovaci\u00f3n Escolar.<\/p>\n<p>Seg\u00fan indica la encargada de la actividad, la docente Carla Barrios Saavedra, el evento se realizar\u00e1 este a\u00f1o de forma virtual, \u201centre el 9 y 12 de noviembre, donde estudiantes de ense\u00f1anza b\u00e1sica y media podr\u00e1n presentar los resultados de sus proyectos de investigaci\u00f3n o innovaci\u00f3n escolar; compartiendo, conociendo e interactuando con otros ni\u00f1os, ni\u00f1as y j\u00f3venes de diversos lugares de la regi\u00f3n\u201d.<\/p>\n<p>Adem\u00e1s, a\u00f1ade la Encargada, el Congreso es la instancia donde se seleccionar\u00e1n a los equipos que representar\u00e1n a la regi\u00f3n en el Congreso Nacional Explora de Investigaci\u00f3n e Innovaci\u00f3n Escolar. \u201cInvitamos a profesores y profesoras a que motiven a sus estudiantes a sumarse a la mayor vitrina de investigaci\u00f3n e innovaci\u00f3n escolar regional para que den a conocer sus proyectos. Para postular, s\u00f3lo deben ingresar a nuestro sitio web\u201d, agrega.<\/p>\n<p><strong>\u00bfQui\u00e9nes pueden participar?<\/strong> Se convoca a equipos conformados por estudiantes de 5\u00b0 a\u00f1o b\u00e1sico a 4\u00b0 a\u00f1o medio de establecimientos p\u00fablicos, particulares subvencionados y particulares pagados u otra entidad (fundaciones, universidades, u otros\/as afines donde se realice investigaci\u00f3n e innovaci\u00f3n escolar), y tambi\u00e9n, equipos que est\u00e9n en la modalidad \u00abaprendizaje en casa\u00bb que hayan desarrollado proyectos de investigaci\u00f3n o innovaci\u00f3n escolar. Los equipos, liderados por un docente gu\u00eda, deber\u00e1n haber concluido el proceso de investigaci\u00f3n o innovaci\u00f3n (seg\u00fan indica el formulario \u00fanico de postulaci\u00f3n) previo a realizar la postulaci\u00f3n, y tambi\u00e9n, cumplir con los requisitos indicados en las bases.<\/p>\n<p><strong>\u00bfHasta cu\u00e1ndo se puede postular?<\/strong> La convocatoria del Congreso Regional Explora de Investigaci\u00f3n e Innovaci\u00f3n Escolar estar\u00e1 disponible hasta el viernes 1 de octubre de 2021. Los interesados e interesadas deben ingresar a <a href=\"http:\/\/www.explora.cl\/coquimbo\">www.explora.cl\/coquimbo<\/a> y completar el formulario de postulaci\u00f3n, y tambi\u00e9n, revisar las bases, formularios y anexos.<\/p>\n<p><strong>\u00bfD\u00f3nde hacer consultas?<\/strong> Ante dudas respecto a la postulaci\u00f3n, se puede enviar un correo a: <a href=\"mailto:convocatorias.explora.coquimbo@gmail.com\">convocatorias.explora.coquimbo@gmail.com<\/a><\/p>\n","protected":false},"excerpt":{"rendered":"<p>El evento, que se realizar\u00e1 de forma virtual entre el 9 y 12 de noviembre, ser\u00e1 un espacio de socializaci\u00f3n donde alumnos y alumnas podr\u00e1n presentar los resultados de sus investigaciones y compartir su conocimiento.<\/p>\n","protected":false},"author":2,"featured_media":5655,"comment_status":"open","ping_status":"open","sticky":false,"template":"","format":"standard","meta":{"footnotes":""},"categories":[6],"tags":[],"class_list":["post-5654","post","type-post","status-publish","format-standard","has-post-thumbnail","hentry","category-regionales"],"_links":{"self":[{"href":"https:\/\/www.radiolimari.cl\/index.php?rest_route=\/wp\/v2\/posts\/5654","targetHints":{"allow":["GET"]}}],"collection":[{"href":"https:\/\/www.radiolimari.cl\/index.php?rest_route=\/wp\/v2\/posts"}],"about":[{"href":"https:\/\/www.radiolimari.cl\/index.php?rest_route=\/wp\/v2\/types\/post"}],"author":[{"embeddable":true,"href":"https:\/\/www.radiolimari.cl\/index.php?rest_route=\/wp\/v2\/users\/2"}],"replies":[{"embeddable":true,"href":"https:\/\/www.radiolimari.cl\/index.php?rest_route=%2Fwp%2Fv2%2Fcomments&post=5654"}],"version-history":[{"count":3,"href":"https:\/\/www.radiolimari.cl\/index.php?rest_route=\/wp\/v2\/posts\/5654\/revisions"}],"predecessor-version":[{"id":5658,"href":"https:\/\/www.radiolimari.cl\/index.php?rest_route=\/wp\/v2\/posts\/5654\/revisions\/5658"}],"wp:featuredmedia":[{"embeddable":true,"href":"https:\/\/www.radiolimari.cl\/index.php?rest_route=\/wp\/v2\/media\/5655"}],"wp:attachment":[{"href":"https:\/\/www.radiolimari.cl\/index.php?rest_route=%2Fwp%2Fv2%2Fmedia&parent=5654"}],"wp:term":[{"taxonomy":"category","embeddable":true,"href":"https:\/\/www.radiolimari.cl\/index.php?rest_route=%2Fwp%2Fv2%2Fcategories&post=5654"},{"taxonomy":"post_tag","embeddable":true,"href":"https:\/\/www.radiolimari.cl\/index.php?rest_route=%2Fwp%2Fv2%2Ftags&post=5654"}],"curies":[{"name":"wp","href":"https:\/\/api.w.org\/{rel}","templated":true}]}}