{"id":5649,"date":"2021-08-24T14:22:36","date_gmt":"2021-08-24T14:22:36","guid":{"rendered":"http:\/\/www.radiolimari.cl\/?p=5649"},"modified":"2021-08-24T14:22:36","modified_gmt":"2021-08-24T14:22:36","slug":"en-rio-hurtado-pavimentaran-ultimo-tramo-de-la-ruta-d-595-entre-hurtado-y-las-breas-el-mop-inicia-licitacion","status":"publish","type":"post","link":"https:\/\/www.radiolimari.cl\/?p=5649","title":{"rendered":"En R\u00edo Hurtado pavimentar\u00e1n \u00faltimo tramo de la ruta D 595 entre Hurtado y Las Breas, el MOP inicia licitaci\u00f3n."},"content":{"rendered":"<p><a href=\"https:\/\/www.radiolimari.cl\/wp-content\/uploads\/2021\/08\/DSC09404.jpg\"><img fetchpriority=\"high\" decoding=\"async\" class=\"alignnone size-medium wp-image-5651\" src=\"https:\/\/www.radiolimari.cl\/wp-content\/uploads\/2021\/08\/DSC09404-300x225.jpg\" alt=\"DSC09404\" width=\"300\" height=\"225\" srcset=\"https:\/\/www.radiolimari.cl\/wp-content\/uploads\/2021\/08\/DSC09404-300x225.jpg 300w, https:\/\/www.radiolimari.cl\/wp-content\/uploads\/2021\/08\/DSC09404-1024x768.jpg 1024w\" sizes=\"(max-width: 300px) 100vw, 300px\" \/><\/a><\/p>\n<p><strong><em>Iniciativa permitir\u00e1 mejorar cerca de 16 kil\u00f3metros entre las localidades de Hurtado y Las Breas<\/em><\/strong><!--more--><\/p>\n<p>El Ministerio de Obras P\u00fablicas, a trav\u00e9s de la Direcci\u00f3n de Vialidad, inici\u00f3 el proceso de licitaci\u00f3n para los\u00a0 trabajos de conservaci\u00f3n de cerca de 16 kil\u00f3metros de la ruta D 595 entre los sectores de Hurtado y Las Breas en la comuna de Rio Hurtado.<\/p>\n<p>Al respecto el seremi de Obras P\u00fablicas, Pedro Rojas, manifest\u00f3 que <em>\u201cefectivamente para nosotros es vital cumplir con los compromisos que hemos asumido como MOP\u00a0 y tambi\u00e9n junto al Delegado Presidencial y por ello iniciamos la licitaci\u00f3n de uno de los tramos restantes de la\u00a0 ruta D 595 entre los sectores\u00a0 de Hurtado y las Breas y que viene a entregar mejores condiciones a un troncal que es complejo en t\u00e9rminos de su faja y otorgar seguridad y mejor calidad de vida a los vecinos. Estas obras est\u00e1n enmarcadas dentro del plan de recuperaci\u00f3n econ\u00f3mica del Gobierno y viene a entregar fuentes de trabajos que son esenciales para reactivar la econom\u00eda y haremos las gestiones para que esta mano de obra sea local\u201d.<\/em><em>\u00a0<\/em><\/p>\n<p>Por su parte la Alcaldesa de Rio Hurtado, Carmen Juana Olivares\u00a0 destac\u00f3 que<em>\u201c es bueno que se siga avanzando en este tipo de obras porque es un acercamiento para la comunidad, para nuestra \u00e1rea productiva y para la calidad de calidad vida de las personas, por ellos es muy relevante y bienvenida este tipo de inversi\u00f3n \u201c.<\/em><em>\u00a0<\/em><\/p>\n<p>La iniciativa en licitaci\u00f3n, involucra una inversi\u00f3n por parte del MOP, que podr\u00eda superar los dos mil quinientos millones de pesos, para ejecutar trabajos de mejoramiento, pavimentaci\u00f3n, nuevos anchos de calzada,\u00a0 obras de drenaje y seguridad vial, entre otras intervenciones.<\/p>\n<p>Las aperturas t\u00e9cnicas y econ\u00f3micas de las ofertas que se presenten para adjudicarse esta iniciativa de mejoramiento vial, se realizar\u00e1n el pr\u00f3ximo 21 y 30 de septiembre respectivamente.<\/p>\n","protected":false},"excerpt":{"rendered":"<p>Iniciativa permitir\u00e1 mejorar cerca de 16 kil\u00f3metros entre las localidades de Hurtado y Las Breas<\/p>\n","protected":false},"author":2,"featured_media":5652,"comment_status":"open","ping_status":"open","sticky":false,"template":"","format":"standard","meta":{"footnotes":""},"categories":[5],"tags":[],"class_list":["post-5649","post","type-post","status-publish","format-standard","has-post-thumbnail","hentry","category-actualidad-limarina"],"_links":{"self":[{"href":"https:\/\/www.radiolimari.cl\/index.php?rest_route=\/wp\/v2\/posts\/5649","targetHints":{"allow":["GET"]}}],"collection":[{"href":"https:\/\/www.radiolimari.cl\/index.php?rest_route=\/wp\/v2\/posts"}],"about":[{"href":"https:\/\/www.radiolimari.cl\/index.php?rest_route=\/wp\/v2\/types\/post"}],"author":[{"embeddable":true,"href":"https:\/\/www.radiolimari.cl\/index.php?rest_route=\/wp\/v2\/users\/2"}],"replies":[{"embeddable":true,"href":"https:\/\/www.radiolimari.cl\/index.php?rest_route=%2Fwp%2Fv2%2Fcomments&post=5649"}],"version-history":[{"count":1,"href":"https:\/\/www.radiolimari.cl\/index.php?rest_route=\/wp\/v2\/posts\/5649\/revisions"}],"predecessor-version":[{"id":5653,"href":"https:\/\/www.radiolimari.cl\/index.php?rest_route=\/wp\/v2\/posts\/5649\/revisions\/5653"}],"wp:featuredmedia":[{"embeddable":true,"href":"https:\/\/www.radiolimari.cl\/index.php?rest_route=\/wp\/v2\/media\/5652"}],"wp:attachment":[{"href":"https:\/\/www.radiolimari.cl\/index.php?rest_route=%2Fwp%2Fv2%2Fmedia&parent=5649"}],"wp:term":[{"taxonomy":"category","embeddable":true,"href":"https:\/\/www.radiolimari.cl\/index.php?rest_route=%2Fwp%2Fv2%2Fcategories&post=5649"},{"taxonomy":"post_tag","embeddable":true,"href":"https:\/\/www.radiolimari.cl\/index.php?rest_route=%2Fwp%2Fv2%2Ftags&post=5649"}],"curies":[{"name":"wp","href":"https:\/\/api.w.org\/{rel}","templated":true}]}}