{"id":5646,"date":"2021-08-23T20:37:41","date_gmt":"2021-08-23T20:37:41","guid":{"rendered":"http:\/\/www.radiolimari.cl\/?p=5646"},"modified":"2021-08-23T20:37:41","modified_gmt":"2021-08-23T20:37:41","slug":"gobernadora-krist-naranjo-declara-situacion-de-emergencia-climatica-y-medioambiental-para-la-region","status":"publish","type":"post","link":"https:\/\/www.radiolimari.cl\/?p=5646","title":{"rendered":"Gobernadora Krist Naranjo declara situaci\u00f3n de Emergencia Clim\u00e1tica y Medioambiental para la regi\u00f3n"},"content":{"rendered":"<p><a href=\"https:\/\/www.radiolimari.cl\/wp-content\/uploads\/2021\/08\/23.8-gonernadora.jpeg\"><img fetchpriority=\"high\" decoding=\"async\" class=\"alignnone size-medium wp-image-5647\" src=\"https:\/\/www.radiolimari.cl\/wp-content\/uploads\/2021\/08\/23.8-gonernadora-300x232.jpeg\" alt=\"23.8 gonernadora\" width=\"300\" height=\"232\" srcset=\"https:\/\/www.radiolimari.cl\/wp-content\/uploads\/2021\/08\/23.8-gonernadora-300x232.jpeg 300w, https:\/\/www.radiolimari.cl\/wp-content\/uploads\/2021\/08\/23.8-gonernadora.jpeg 723w\" sizes=\"(max-width: 300px) 100vw, 300px\" \/><\/a><\/p>\n<p>&#8211;\u00a0\u00a0\u00a0\u00a0\u00a0\u00a0 <strong>El anuncio responde a los efectos del cambio clim\u00e1tico sobre la Regi\u00f3n de Coquimbo, como la sequ\u00eda prolongada por m\u00e1s de 12 a\u00f1os, que afecta la disponibilidad de agua para consumo humano, adem\u00e1s del impacto negativo para las actividades econ\u00f3micas del territorio.<\/strong><!--more--><\/p>\n<p>Acompa\u00f1ada por integrantes de diversas organizaciones medioambientales de la zona, la Gobernadora Regional Krist Naranjo anunci\u00f3 una importante noticia en esta materia. Se trata de la declaraci\u00f3n de Situaci\u00f3n de Emergencia clim\u00e1tica y medioambiental para la Regi\u00f3n de Coquimbo.<\/p>\n<p>Un anuncio que se sustenta en la Constituci\u00f3n Pol\u00edtica de Chile, y diversas resoluciones y convenios internacionales. Uno de los m\u00e1s importantes, es el Convenio Marco de las Naciones Unidas Sobre Cambio Clim\u00e1tico, adoptado en 1992, y su protocolo de Kioto, firmado en diciembre de 1997, que compromete a los pa\u00edses industrializados a limitar las emisiones de gases de efecto invernadero, mediante pol\u00edticas y medidas de mitigaci\u00f3n.<\/p>\n<p><strong>\u201cEl factor de crisis clim\u00e1tica que vivimos hoy en todo el planeta es lo que nos llama a decretar esta Emergencia Clim\u00e1tica y Medioambiental en nuestra Regi\u00f3n de Coquimbo. Para nosotros un paso fundamental para estructurar de forma amplia, considerando todas las \u00e1reas de desarrollo a nivel local, un trabajo m\u00e1s sustentable y ecol\u00f3gico. Hay temas cr\u00edticos que debemos fortalecer en nuestros territorios, tenemos una diversidad maravillosa que debemos potenciar, pero tenemos que hacerlo en esta l\u00ednea de cuidado al medio ambiente, porque el cambio clim\u00e1tico nos pone en riesgo como humanidad\u201d,<\/strong> dijo la Gobernadora Regional al hacer el anuncio a la comunidad.<\/p>\n<p>Chile y la Regi\u00f3n de Coquimbo son territorios altamente vulnerables al cambio clim\u00e1tico, por contar con un extenso borde costero a lo largo de todo su territorio, adem\u00e1s de \u00e1reas \u00e1ridas, semi \u00e1ridas y de bosques. Asimismo, se suma la susceptibilidad ante desastres naturales, la sequ\u00eda sostenida y el proceso de desertificaci\u00f3n en marcha, entre otros componentes.<\/p>\n<p>Con todo lo anterior, este decreto resuelve elaborar un plan de acci\u00f3n al interior del Gobierno regional para lograr la carbono-neutralidad de aqu\u00ed a 2040, considerando a todas las entidades que dependan de la administraci\u00f3n regional. Adem\u00e1s, se insta a entidades privadas, sociales y p\u00fablicas a sumarse, y desarrollar planes, proyectos e iniciativas tendientes a reducir sus emisiones de CO2.<\/p>\n<p><strong>\u201cTodas nuestras acciones diarias tienen una repercusi\u00f3n, que se delimita, por ejemplo, en lo que es la huella de carbono. Nosotros tenemos un impacto en nuestro entorno y sobre el planeta y debemos saber manejarlo, educ\u00e1ndonos adem\u00e1s en estos aspectos, y este decreto nos permite organizarnos de mejor forma, estructuradamente, para lo que tenemos que levantar planes de acci\u00f3n en las distintas \u00e1reas\u201d, <\/strong>agreg\u00f3 la autoridad regional.<\/p>\n<p>A partir de esta declaraci\u00f3n, comienza el trabajo para conformar una Comisi\u00f3n T\u00e9cnica Especial, con el fin de gestionar el cumplimiento de esta declaraci\u00f3n, la cual ser\u00e1 presidida por la Gobernadora Regional e integrada por tres jefaturas de divisi\u00f3n. Adem\u00e1s, se convocar\u00e1 dos rectores de las universidades presentes en la regi\u00f3n, tres presidentes de instituciones cient\u00edficas y t\u00e9cnicos profesionales y representantes de la sociedad civil relacionados a temas medioambientales.<\/p>\n<p>Trabajo colaborativo sobre el cual la gobernadora se\u00f1al\u00f3 que <strong>\u201ces fundamental para poder fortalecer la toma de decisiones como autoridades, siempre con un sentido local. El desarrollo de la regi\u00f3n bajo una visi\u00f3n que integra el cambio clim\u00e1tico en distintas \u00e1reas del desarrollo, como levantamiento de infraestructura, debemos revisarlos y plantearlos de forma funcional y aplicada, por ejemplo, en las obras que se solicitan en las distintas comunas\u201d.<\/strong><\/p>\n<p><strong>Reacciones de las organizaciones medioambientales<\/strong><\/p>\n<p><strong>Saskia Hostens &#8211; vocera ONG RedAves:<\/strong> \u201cSolo podemos aplaudir esta decisi\u00f3n, nos parece una excelente decisi\u00f3n unir todos los esfuerzos y establecer un plan de acci\u00f3n concreto, junto a la ciudadan\u00eda, las ONGs y las autoridades. Nosotros como ONG llevamos m\u00e1s de 8 a\u00f1os trabajando en observaci\u00f3n y conservaci\u00f3n de aves, a la difusi\u00f3n de conocimiento para que la comunidad tome conciencia del valor de la presencia de las aves en nuestra vida y esta decisi\u00f3n es muy oportuna, porque como estamos, no podemos seguir\u201d.<\/p>\n<p><strong>Nancy Duman &#8211; <\/strong><strong>Representante ONG SPHENISCO Regi\u00f3n de Coquimbo y Vocera Alianza Humboldt:<\/strong> \u201cCelebramos esta iniciativa, que expresa el sentir de nuestra organizaci\u00f3n y las que integran Alianza Humboldt, muy necesaria para sensibilizar a todas las autoridades y tomadores de decisi\u00f3n, que son los que est\u00e1n quedando atr\u00e1s en t\u00e9rminos de generar acciones y medidas concretas para frenar el avance del calentamiento global. Este es un tremendo avance y nosotros estamos optimistas y con plena disposici\u00f3n de trabajar en conjunto con ella para generar las acciones necesarias en nuestra regi\u00f3n, que est\u00e1 llena de problemas ambientales graves, como la sequ\u00eda, y destrozo de humedales\u201d.<\/p>\n<p><strong>Crist\u00f3bal Herrera \u2013 Organizaci\u00f3n Red de Guardianes de la Quebrada de Pe\u00f1uelas: <\/strong>\u201cEste es un anuncio muy permanente y un llamado que se ten\u00eda que hacer hace tiempo. Como red de guardianes nos sumamos a este llamado, que nos motiva un poco m\u00e1s a seguir en esta lucha, que es voluntaria y, por lo mismo, nace de los vecinos, que nos Organizamos para dar soluciones r\u00e1pidas y concretas a los problemas que vivimos como comunidad\u201d.<\/p>\n","protected":false},"excerpt":{"rendered":"<p>&#8211;\u00a0\u00a0\u00a0\u00a0\u00a0\u00a0 El anuncio responde a los efectos del cambio clim\u00e1tico sobre la Regi\u00f3n de Coquimbo, como la sequ\u00eda prolongada por m\u00e1s de 12 a\u00f1os, que afecta la disponibilidad de agua para consumo humano, adem\u00e1s del impacto negativo para las actividades econ\u00f3micas del territorio.<\/p>\n","protected":false},"author":2,"featured_media":5647,"comment_status":"open","ping_status":"open","sticky":false,"template":"","format":"standard","meta":{"footnotes":""},"categories":[6],"tags":[],"class_list":["post-5646","post","type-post","status-publish","format-standard","has-post-thumbnail","hentry","category-regionales"],"_links":{"self":[{"href":"https:\/\/www.radiolimari.cl\/index.php?rest_route=\/wp\/v2\/posts\/5646","targetHints":{"allow":["GET"]}}],"collection":[{"href":"https:\/\/www.radiolimari.cl\/index.php?rest_route=\/wp\/v2\/posts"}],"about":[{"href":"https:\/\/www.radiolimari.cl\/index.php?rest_route=\/wp\/v2\/types\/post"}],"author":[{"embeddable":true,"href":"https:\/\/www.radiolimari.cl\/index.php?rest_route=\/wp\/v2\/users\/2"}],"replies":[{"embeddable":true,"href":"https:\/\/www.radiolimari.cl\/index.php?rest_route=%2Fwp%2Fv2%2Fcomments&post=5646"}],"version-history":[{"count":1,"href":"https:\/\/www.radiolimari.cl\/index.php?rest_route=\/wp\/v2\/posts\/5646\/revisions"}],"predecessor-version":[{"id":5648,"href":"https:\/\/www.radiolimari.cl\/index.php?rest_route=\/wp\/v2\/posts\/5646\/revisions\/5648"}],"wp:featuredmedia":[{"embeddable":true,"href":"https:\/\/www.radiolimari.cl\/index.php?rest_route=\/wp\/v2\/media\/5647"}],"wp:attachment":[{"href":"https:\/\/www.radiolimari.cl\/index.php?rest_route=%2Fwp%2Fv2%2Fmedia&parent=5646"}],"wp:term":[{"taxonomy":"category","embeddable":true,"href":"https:\/\/www.radiolimari.cl\/index.php?rest_route=%2Fwp%2Fv2%2Fcategories&post=5646"},{"taxonomy":"post_tag","embeddable":true,"href":"https:\/\/www.radiolimari.cl\/index.php?rest_route=%2Fwp%2Fv2%2Ftags&post=5646"}],"curies":[{"name":"wp","href":"https:\/\/api.w.org\/{rel}","templated":true}]}}