{"id":5640,"date":"2021-08-23T16:11:00","date_gmt":"2021-08-23T16:11:00","guid":{"rendered":"http:\/\/www.radiolimari.cl\/?p=5640"},"modified":"2021-08-23T16:11:00","modified_gmt":"2021-08-23T16:11:00","slug":"municipio-de-rio-hurtado-y-expertos-en-astronomia-realizan-trabajo-para-certificar-internacionalmente-sus-cielos-oscuros","status":"publish","type":"post","link":"https:\/\/www.radiolimari.cl\/?p=5640","title":{"rendered":"Municipio de R\u00edo Hurtado y expertos en astronom\u00eda realizan trabajo para certificar internacionalmente sus cielos oscuros"},"content":{"rendered":"<p><a href=\"https:\/\/www.radiolimari.cl\/wp-content\/uploads\/2021\/08\/22.8-Cielos-oscuros-R\u00edo-Hurtado.jpg\"><img fetchpriority=\"high\" decoding=\"async\" class=\"alignnone size-medium wp-image-5641\" src=\"https:\/\/www.radiolimari.cl\/wp-content\/uploads\/2021\/08\/22.8-Cielos-oscuros-R\u00edo-Hurtado-300x168.jpg\" alt=\"22.8 Cielos oscuros R\u00edo Hurtado\" width=\"300\" height=\"168\" srcset=\"https:\/\/www.radiolimari.cl\/wp-content\/uploads\/2021\/08\/22.8-Cielos-oscuros-R\u00edo-Hurtado-300x168.jpg 300w, https:\/\/www.radiolimari.cl\/wp-content\/uploads\/2021\/08\/22.8-Cielos-oscuros-R\u00edo-Hurtado-1024x576.jpg 1024w, https:\/\/www.radiolimari.cl\/wp-content\/uploads\/2021\/08\/22.8-Cielos-oscuros-R\u00edo-Hurtado.jpg 1920w\" sizes=\"(max-width: 300px) 100vw, 300px\" \/><\/a><\/p>\n<p>Profesionales de los distintos observatorios de la comuna se congregaron junto con la alcaldesa de R\u00edo Hurtado para avanzar en conseguir la acreditaci\u00f3n que certifique a la comuna con los cielos libres de contaminaci\u00f3n lum\u00ednica, lo que la convertir\u00eda en la \u00fanica del pa\u00eds en conseguirla.<!--more--><\/p>\n<p>La comuna de R\u00edo Hurtado trabaja desde algunos a\u00f1os en certificar una cualidad \u00fanica que posee esta zona de la regi\u00f3n de Coquimbo. De acuerdo a lo que se\u00f1alan los expertos en astronom\u00eda, la calidad de sus cielos libres de contaminaci\u00f3n lum\u00ednica es incluso mayor a la que presenta el valle de Elqui, convirtiendo a la comuna en un lugar con los cielos m\u00e1s oscuros.<\/p>\n<p>Ante esto, el municipio busca certificar a toda la comuna en la calidad de sus cielos, lo que entregar\u00eda un plus tur\u00edstico a los visitantes que buscan esta cualidad. Por esto, la alcaldesa de la comuna, Carmen Juana Olivares, lider\u00f3 la mesa de trabajo en conjunto con concejales de la comuna y expertos en astronom\u00eda para seguir avanzando en conseguir la llamada Certificaci\u00f3n Dark Sky (o cielos oscuros, en espa\u00f1ol).<\/p>\n<p>La alcaldesa reafirma que la idea principal no es dejar de instalar luminarias que son necesarias para la seguridad ciudadana, sino instalar luminaria que cumplan con la normativa y que proteja la oscuridad del cielo.<\/p>\n<p>\u201cPara nosotros es muy importante la certificaci\u00f3n de los cielos oscuros, creo que tenemos un gran potencial en el desarrollo tur\u00edstico y econ\u00f3mico de nuestra comuna, y tambi\u00e9n en la conservaci\u00f3n de nuestro ecosistema. Las luminarias si no son bien instaladas y como corresponde, afecta mucho a las aves y nuestro entorno, adem\u00e1s de la salud de cada uno de nosotros. Todo esto lo vamos a trabajar con nuestra comunidad y con nuestros profesionales de las \u00e1reas de astronom\u00eda, que nos permitan elaborar una ordenanza de protecci\u00f3n al cielo de manera adecuada\u201d, se\u00f1al\u00f3.<\/p>\n<p>Uno de los presentes en la jornada fue Pedro Sanhueza, director de la Oficina de Protecci\u00f3n de la Calidad de los Cielos del Norte de Chile, quien ha estado asesorando al municipio para conseguir la certificaci\u00f3n. Sanhueza se\u00f1ala que la luminaria p\u00fablica, pero sobre todo la privada en cada uno de nuestros hogares debe mejorar.<\/p>\n<p>\u201cQue los ni\u00f1os no se queden viendo televisi\u00f3n hasta muy tarde, que si ver\u00e1n pel\u00edculas en la casa no lo hagan con el m\u00e1ximo brillo del televisor, estas son precauciones que cada uno puede tomar. Afuera de la casa puede instslar un farol colonial con pantalla, tambi\u00e9n se puede tomar precauciones en el alumbrado p\u00fablico, instalando\u00a0 luminaria apantallada y que env\u00eden la luz solo al suelo en una cantidad adecuada. Todo esto va sumando para recuperar el cielo oscuro que ten\u00edamos hasta hace un tiempo atr\u00e1s. Eso permitir\u00e1 que m\u00e1s familias vivan del turismo astron\u00f3mico\u201d, explic\u00f3.<\/p>\n<p>Las localidades del interior de la comuna cuentan con cielos m\u00e1s oscuros, se\u00f1ala Vicent Suc, del Observatorio El Sauce, aunque la parte baja de la comuna de igual forma cuenta con una \u00f3ptima calidad de sus cielos, a pesar de presentar un poco m\u00e1s de contaminaci\u00f3n lum\u00ednica.<\/p>\n<p>\u201cLo que hemos visto en este valle tiene una calidad de cielo muy alta, incluso mejor que la del valle de Elqui que es muy tur\u00edstico y que en los \u00faltimos a\u00f1os el cielo se degrad\u00f3. Nosotros tenemos la suerte que esta zona todav\u00eda est\u00e1 muy protegida y que es de muy alta calidad a nivel mundial. Con esta mesa de trabajo junto con el municipio nos permite crear una ordenanza y construir una base para proteger el cielo tal como est\u00e1 ahora, para que no se degrade, sin impedir el crecimiento de la zona\u201d, especific\u00f3.<\/p>\n<p>El Sernatur regional tambi\u00e9n estuvo presente en la jornada., donde su directora Ang\u00e9lica Funes realiza un acompa\u00f1amiento y apoyo a las gestiones de certificaci\u00f3n que el municipio est\u00e1 buscando para impulsar el astroturismo en la comuna.<\/p>\n<p>\u201cR\u00edo Hurtado est\u00e1 desde hace un tiempo obtener la certificaci\u00f3n y nuestra idea es hacer un\u00a0 acompa\u00f1amiento por solicitud de la alcaldesa, para apoyar el ingreso de la solicitud en certificaci\u00f3n. Nuestro inter\u00e9s como Sernatur es la difusi\u00f3n y promoci\u00f3n de los destinos tur\u00edsticos, y uno de ellos es el astroturismo, por eso apoyaremos y trabajaremos en torno a esto\u201d, coment\u00f3.<\/p>\n<p>El municipio en conjunto con la OPCC y la Fundaci\u00f3n Cielos de Chile trabajan en una ordenanza que fiscalice el funcionamiento de la luminaria p\u00fablica y privada, y que est\u00e9 acorde a los par\u00e1metros establecidos para cumplir con la certificaci\u00f3n. El concejal Juan Perines se\u00f1al\u00f3 que la tarea es que los habitantes conozcan la mencionada ordenanza antes de su aprobaci\u00f3n.<\/p>\n<p>\u201cNuestro trabajo como concejo municipal es importante. Si bien es cierto hay que ligarlo junto con la comunidad y los entes t\u00e9cnicos, esperemos llegar a buen puerto para que se pueda aprobar la ordenanza\u201d, sostuvo.<\/p>\n","protected":false},"excerpt":{"rendered":"<p>Profesionales de los distintos observatorios de la comuna se congregaron junto con la alcaldesa de R\u00edo Hurtado para avanzar en conseguir la acreditaci\u00f3n que certifique a la comuna con los cielos libres de contaminaci\u00f3n lum\u00ednica, lo que la convertir\u00eda en la \u00fanica del pa\u00eds en conseguirla.<\/p>\n","protected":false},"author":2,"featured_media":5641,"comment_status":"open","ping_status":"open","sticky":false,"template":"","format":"standard","meta":{"footnotes":""},"categories":[5],"tags":[],"class_list":["post-5640","post","type-post","status-publish","format-standard","has-post-thumbnail","hentry","category-actualidad-limarina"],"_links":{"self":[{"href":"https:\/\/www.radiolimari.cl\/index.php?rest_route=\/wp\/v2\/posts\/5640","targetHints":{"allow":["GET"]}}],"collection":[{"href":"https:\/\/www.radiolimari.cl\/index.php?rest_route=\/wp\/v2\/posts"}],"about":[{"href":"https:\/\/www.radiolimari.cl\/index.php?rest_route=\/wp\/v2\/types\/post"}],"author":[{"embeddable":true,"href":"https:\/\/www.radiolimari.cl\/index.php?rest_route=\/wp\/v2\/users\/2"}],"replies":[{"embeddable":true,"href":"https:\/\/www.radiolimari.cl\/index.php?rest_route=%2Fwp%2Fv2%2Fcomments&post=5640"}],"version-history":[{"count":1,"href":"https:\/\/www.radiolimari.cl\/index.php?rest_route=\/wp\/v2\/posts\/5640\/revisions"}],"predecessor-version":[{"id":5642,"href":"https:\/\/www.radiolimari.cl\/index.php?rest_route=\/wp\/v2\/posts\/5640\/revisions\/5642"}],"wp:featuredmedia":[{"embeddable":true,"href":"https:\/\/www.radiolimari.cl\/index.php?rest_route=\/wp\/v2\/media\/5641"}],"wp:attachment":[{"href":"https:\/\/www.radiolimari.cl\/index.php?rest_route=%2Fwp%2Fv2%2Fmedia&parent=5640"}],"wp:term":[{"taxonomy":"category","embeddable":true,"href":"https:\/\/www.radiolimari.cl\/index.php?rest_route=%2Fwp%2Fv2%2Fcategories&post=5640"},{"taxonomy":"post_tag","embeddable":true,"href":"https:\/\/www.radiolimari.cl\/index.php?rest_route=%2Fwp%2Fv2%2Ftags&post=5640"}],"curies":[{"name":"wp","href":"https:\/\/api.w.org\/{rel}","templated":true}]}}