{"id":5638,"date":"2021-08-23T15:56:13","date_gmt":"2021-08-23T15:56:13","guid":{"rendered":"http:\/\/www.radiolimari.cl\/?p=5638"},"modified":"2021-08-23T15:56:13","modified_gmt":"2021-08-23T15:56:13","slug":"pronostican-precipitaciones-para-la-precordillera-y-cordillera-de-la-region-de-coquimbo","status":"publish","type":"post","link":"https:\/\/www.radiolimari.cl\/?p=5638","title":{"rendered":"Pronostican precipitaciones para la precordillera y cordillera de la Regi\u00f3n de Coquimbo"},"content":{"rendered":"<p><a href=\"https:\/\/www.radiolimari.cl\/wp-content\/uploads\/2021\/06\/el-tiempo-20211.jpg\"><img fetchpriority=\"high\" decoding=\"async\" class=\"alignnone size-medium wp-image-5230\" src=\"https:\/\/www.radiolimari.cl\/wp-content\/uploads\/2021\/06\/el-tiempo-20211-300x194.jpg\" alt=\"el tiempo 2021\" width=\"300\" height=\"194\" srcset=\"https:\/\/www.radiolimari.cl\/wp-content\/uploads\/2021\/06\/el-tiempo-20211-300x194.jpg 300w, https:\/\/www.radiolimari.cl\/wp-content\/uploads\/2021\/06\/el-tiempo-20211-1024x664.jpg 1024w, https:\/\/www.radiolimari.cl\/wp-content\/uploads\/2021\/06\/el-tiempo-20211.jpg 2008w\" sizes=\"(max-width: 300px) 100vw, 300px\" \/><\/a><\/p>\n<p><span style=\"font-weight: 600; color: #000000;\">De acuerdo al \u00e1rea meteorol\u00f3gica del Centro Cient\u00edfico CEAZA, se esperan precipitaciones en la regi\u00f3n de Coquimbo el lunes 23 y el martes 24 de agosto.<\/span><!--more--><\/p>\n<p dir=\"ltr\" style=\"font-weight: 600; color: #000000;\">Se pronostica que estas precipitaciones afecten principalmente a la precordillera y cordillera de las provincias de Elqui, Limar\u00ed y Choapa dejando una precipitaci\u00f3n acumulada que puede variar de 0 a 2 mm en la provincia de Elqui, 0 a 5 mm en la provincia de Limar\u00ed y 0 a 10 mm en Choapa, y en el caso de la cordillera desde 2 a 15 cm de nieve.<\/p>\n<p dir=\"ltr\" style=\"font-weight: 600; color: #000000;\"><strong style=\"font-weight: bold;\">\u00bfCu\u00e1ndo comenzar\u00e1n las precipitaciones?<\/strong><\/p>\n<p dir=\"ltr\" style=\"font-weight: 600; color: #000000;\">El sistema frontal dejar\u00e1 precipitaciones a partir de la noche del\u00a0lunes en la zona sur de la Regi\u00f3n de Coquimbo y las mayores intensidades se esperan durante la ma\u00f1ana y tarde\u00a0del martes, cuando las precipitaciones abarquen\u00a0la precordillera y cordillera de toda la regi\u00f3n. Se estima que estas precipitaciones\u00a0comiencen a declinar durante la noche del martes.<\/p>\n<p style=\"font-weight: 600; color: #000000;\">Se espera que durante el evento el nivel de la isoterma 0 e fluct\u00fae entre 2500 y 3000 msnm en la Regi\u00f3n de Coquimbo.\u00a0Esta situaci\u00f3n est\u00e1 asociada al paso de un cicl\u00f3n extratropical por el sur del continente. Se recomienda tomar las precauciones pertinentes.<\/p>\n","protected":false},"excerpt":{"rendered":"<p>De acuerdo al \u00e1rea meteorol\u00f3gica del Centro Cient\u00edfico CEAZA, se esperan precipitaciones en la regi\u00f3n de Coquimbo el lunes 23 y el martes 24 de agosto.<\/p>\n","protected":false},"author":2,"featured_media":5230,"comment_status":"open","ping_status":"open","sticky":false,"template":"","format":"standard","meta":{"footnotes":""},"categories":[3],"tags":[],"class_list":["post-5638","post","type-post","status-publish","format-standard","has-post-thumbnail","hentry","category-actualidad"],"_links":{"self":[{"href":"https:\/\/www.radiolimari.cl\/index.php?rest_route=\/wp\/v2\/posts\/5638","targetHints":{"allow":["GET"]}}],"collection":[{"href":"https:\/\/www.radiolimari.cl\/index.php?rest_route=\/wp\/v2\/posts"}],"about":[{"href":"https:\/\/www.radiolimari.cl\/index.php?rest_route=\/wp\/v2\/types\/post"}],"author":[{"embeddable":true,"href":"https:\/\/www.radiolimari.cl\/index.php?rest_route=\/wp\/v2\/users\/2"}],"replies":[{"embeddable":true,"href":"https:\/\/www.radiolimari.cl\/index.php?rest_route=%2Fwp%2Fv2%2Fcomments&post=5638"}],"version-history":[{"count":1,"href":"https:\/\/www.radiolimari.cl\/index.php?rest_route=\/wp\/v2\/posts\/5638\/revisions"}],"predecessor-version":[{"id":5639,"href":"https:\/\/www.radiolimari.cl\/index.php?rest_route=\/wp\/v2\/posts\/5638\/revisions\/5639"}],"wp:featuredmedia":[{"embeddable":true,"href":"https:\/\/www.radiolimari.cl\/index.php?rest_route=\/wp\/v2\/media\/5230"}],"wp:attachment":[{"href":"https:\/\/www.radiolimari.cl\/index.php?rest_route=%2Fwp%2Fv2%2Fmedia&parent=5638"}],"wp:term":[{"taxonomy":"category","embeddable":true,"href":"https:\/\/www.radiolimari.cl\/index.php?rest_route=%2Fwp%2Fv2%2Fcategories&post=5638"},{"taxonomy":"post_tag","embeddable":true,"href":"https:\/\/www.radiolimari.cl\/index.php?rest_route=%2Fwp%2Fv2%2Ftags&post=5638"}],"curies":[{"name":"wp","href":"https:\/\/api.w.org\/{rel}","templated":true}]}}