{"id":5627,"date":"2021-08-17T19:33:07","date_gmt":"2021-08-17T19:33:07","guid":{"rendered":"http:\/\/www.radiolimari.cl\/?p=5627"},"modified":"2021-08-17T19:33:07","modified_gmt":"2021-08-17T19:33:07","slug":"municipalidad-de-ovalle-realiza-talleres-artisticos-para-adultos-mayores","status":"publish","type":"post","link":"https:\/\/www.radiolimari.cl\/?p=5627","title":{"rendered":"Municipalidad de Ovalle realiza talleres art\u00edsticos para adultos mayores"},"content":{"rendered":"<p><a href=\"https:\/\/www.radiolimari.cl\/wp-content\/uploads\/2021\/08\/17.8-ovalle-Taller-de-Coro.jpg\"><img fetchpriority=\"high\" decoding=\"async\" class=\"alignnone size-medium wp-image-5628\" src=\"https:\/\/www.radiolimari.cl\/wp-content\/uploads\/2021\/08\/17.8-ovalle-Taller-de-Coro-300x200.jpg\" alt=\"17.8 ovalle Taller de Coro\" width=\"300\" height=\"200\" srcset=\"https:\/\/www.radiolimari.cl\/wp-content\/uploads\/2021\/08\/17.8-ovalle-Taller-de-Coro-300x200.jpg 300w, https:\/\/www.radiolimari.cl\/wp-content\/uploads\/2021\/08\/17.8-ovalle-Taller-de-Coro-1024x682.jpg 1024w\" sizes=\"(max-width: 300px) 100vw, 300px\" \/><\/a><\/p>\n<p><strong><em>La Oficina del Adulto Mayor del municipio local habilit\u00f3 los talleres art\u00edsticos de Coro y Teatro, los cuales se realizar\u00e1n los d\u00edas jueves en el Centro Cultural Municipal tomando todos los resguardos sanitarios, que exige el ministerio de Salud, para prevenir contagios por Covid-19.<\/em><\/strong><!--more--><\/p>\n<p>Con el prop\u00f3sito de contribuir en la recreaci\u00f3n y salud mental de los adultos mayores, el municipio de Ovalle abri\u00f3 las inscripciones para los talleres de Teatro y de Coro, para mayores de 60 a\u00f1os. Estas clases se realizar\u00e1n los d\u00edas jueves en el Centro Cultural Municipal a las 9.30 horas en el caso del taller de Coro y a las 16:00 horas, para quienes quieran interiorizarse en Teatro.<\/p>\n<p>&nbsp;<\/p>\n<p>Dentro de los objetivos de la Oficina Municipal del Adulto Mayor est\u00e1 poder permitir a las personas mayores de la comuna de Ovalle \u201cespacios de aprendizaje en disciplinas art\u00edsticas, como es el Coro y el Teatro y es por esa raz\u00f3n que estamos invitando a todos los adultos mayores de la comuna a que puedan participar de estos talleres, los cuales se realizan en el Centro Cultural Municipal\u201d indic\u00f3 el encargado de la Oficina del Adulto Mayor del municipio local, Wilson Hechersdorf.<\/p>\n<p>&nbsp;<\/p>\n<p>El objetivo es que quienes integren estas clases \u201cse sumen a los grupos establecidos como el Coro Voces Doradas y la Agrupaci\u00f3n de Teatro Amor y luego producir y preparar espect\u00e1culos para ser presentados a la comunidad\u201d agreg\u00f3 Hechersdorf.<\/p>\n<p>&nbsp;<\/p>\n<p>Al respecto, el alcalde Claudio Renter\u00eda sostuvo que \u201cdebido a que nuestra comuna se encuentra en fase de Apertura Inicial podemos realizar m\u00e1s actividades tomando todos los resguardos sanitarios, y que mejor que darle la posibilidad a nuestros adultos mayores para que se recreen y se diviertan a trav\u00e9s de disciplinas art\u00edsticas, luego de largos meses de restricciones de desplazamientos y cuidados de salud\u201d.<\/p>\n<p>&nbsp;<\/p>\n<p>El taller de Coro es dirigido por Miguel \u00c1ngel White y tiene por objetivo generar un espect\u00e1culo coral que, por medio del canto grupal, pretende comenzar una b\u00fasqueda, para contribuir al desarrollo integral de la persona, potenciar capacidades auditivas, sensoriales, creativas e incluso intelectuales, adquiriendo mejores herramientas para que los adultos mayores enfrenten su d\u00eda a d\u00eda.<\/p>\n<p>En tanto, el grupo de Teatro \u201cTe Amo\u201d, que se inici\u00f3 en el a\u00f1o 2014, ha permitido que muchos adultos mayores hayan desarrollado sus capacidades histri\u00f3nicas a trav\u00e9s del estudio esc\u00e9nico. Esta agrupaci\u00f3n es dirigida por Luis Le\u00f3n y busca construir obras de un alto valor social y que sean entretenidas para la comunidad.<\/p>\n<p>Las personas que est\u00e9n interesadas en participar pueden comunicarse al tel\u00e9fono 53 2 625276.<\/p>\n<p>&nbsp;<\/p>\n<p>&nbsp;<\/p>\n","protected":false},"excerpt":{"rendered":"<p>La Oficina del Adulto Mayor del municipio local habilit\u00f3 los talleres art\u00edsticos de Coro y Teatro, los cuales se realizar\u00e1n los d\u00edas jueves en el Centro Cultural Municipal tomando todos los resguardos sanitarios, que exige el ministerio de Salud, para prevenir contagios por Covid-19.<\/p>\n","protected":false},"author":2,"featured_media":5628,"comment_status":"open","ping_status":"open","sticky":false,"template":"","format":"standard","meta":{"footnotes":""},"categories":[5],"tags":[],"class_list":["post-5627","post","type-post","status-publish","format-standard","has-post-thumbnail","hentry","category-actualidad-limarina"],"_links":{"self":[{"href":"https:\/\/www.radiolimari.cl\/index.php?rest_route=\/wp\/v2\/posts\/5627","targetHints":{"allow":["GET"]}}],"collection":[{"href":"https:\/\/www.radiolimari.cl\/index.php?rest_route=\/wp\/v2\/posts"}],"about":[{"href":"https:\/\/www.radiolimari.cl\/index.php?rest_route=\/wp\/v2\/types\/post"}],"author":[{"embeddable":true,"href":"https:\/\/www.radiolimari.cl\/index.php?rest_route=\/wp\/v2\/users\/2"}],"replies":[{"embeddable":true,"href":"https:\/\/www.radiolimari.cl\/index.php?rest_route=%2Fwp%2Fv2%2Fcomments&post=5627"}],"version-history":[{"count":1,"href":"https:\/\/www.radiolimari.cl\/index.php?rest_route=\/wp\/v2\/posts\/5627\/revisions"}],"predecessor-version":[{"id":5629,"href":"https:\/\/www.radiolimari.cl\/index.php?rest_route=\/wp\/v2\/posts\/5627\/revisions\/5629"}],"wp:featuredmedia":[{"embeddable":true,"href":"https:\/\/www.radiolimari.cl\/index.php?rest_route=\/wp\/v2\/media\/5628"}],"wp:attachment":[{"href":"https:\/\/www.radiolimari.cl\/index.php?rest_route=%2Fwp%2Fv2%2Fmedia&parent=5627"}],"wp:term":[{"taxonomy":"category","embeddable":true,"href":"https:\/\/www.radiolimari.cl\/index.php?rest_route=%2Fwp%2Fv2%2Fcategories&post=5627"},{"taxonomy":"post_tag","embeddable":true,"href":"https:\/\/www.radiolimari.cl\/index.php?rest_route=%2Fwp%2Fv2%2Ftags&post=5627"}],"curies":[{"name":"wp","href":"https:\/\/api.w.org\/{rel}","templated":true}]}}