{"id":5624,"date":"2021-08-17T19:18:35","date_gmt":"2021-08-17T19:18:35","guid":{"rendered":"http:\/\/www.radiolimari.cl\/?p=5624"},"modified":"2021-08-17T19:18:35","modified_gmt":"2021-08-17T19:18:35","slug":"coronavirus-refuerzan-el-llamado-a-respetar-las-medidas-sanitarias-en-reuniones-sociales","status":"publish","type":"post","link":"https:\/\/www.radiolimari.cl\/?p=5624","title":{"rendered":"#CoronaVirus: Refuerzan el llamado a respetar las medidas sanitarias en reuniones sociales"},"content":{"rendered":"<p><a href=\"https:\/\/www.radiolimari.cl\/wp-content\/uploads\/2021\/08\/17.8-salud.jpeg\"><img fetchpriority=\"high\" decoding=\"async\" class=\"alignnone size-medium wp-image-5625\" src=\"https:\/\/www.radiolimari.cl\/wp-content\/uploads\/2021\/08\/17.8-salud-300x225.jpeg\" alt=\"17.8 salud\" width=\"300\" height=\"225\" srcset=\"https:\/\/www.radiolimari.cl\/wp-content\/uploads\/2021\/08\/17.8-salud-300x225.jpeg 300w, https:\/\/www.radiolimari.cl\/wp-content\/uploads\/2021\/08\/17.8-salud-1024x768.jpeg 1024w, https:\/\/www.radiolimari.cl\/wp-content\/uploads\/2021\/08\/17.8-salud.jpeg 1280w\" sizes=\"(max-width: 300px) 100vw, 300px\" \/><\/a><\/p>\n<p>Autoridades de salud entregaron un nuevo balance sanitario en relaci\u00f3n a la situaci\u00f3n local del Coronavirus, reiterando el llamado al autocuidado y reforzar las medidas sanitarias en reuniones sociales.<!--more--><\/p>\n<p>\u201cQuiero puntualizar el llamado a reforzar las medidas sanitarias en reuniones sociales, si bien existen mayores libertades, no basta con estar en espacios abiertos o con distanciamiento, es fundamental mantener el uso de mascarilla sobre todo cuando compartimos con personas con las que no convivimos\u201d, se\u00f1al\u00f3 el Seremi de Salud, Alejandro Garc\u00eda.<\/p>\n<p>En ese sentido, la autoridad sanitaria reiter\u00f3 el llamado a la responsabilidad de la poblaci\u00f3n.<\/p>\n<p>\u201cSon medidas importantes para evitar la propagaci\u00f3n del virus, ya que la pandemia no ha terminado y depende de todos mantener los buenos indicadores a nivel regional\u201d, agreg\u00f3.<\/p>\n<p>&nbsp;<\/p>\n<p><strong>Balance Sanitario<\/strong><\/p>\n<p>En relaci\u00f3n al balance sanitario, para hoy se informaron 15 casos nuevos de Coronavirus, 5 de La Serena, 3 de Coquimbo, 3 de Andacollo, 1 de Illapel, 1 de Los Vilos, 1 de Ovalle y 1 de otra regi\u00f3n. Con esto, se contabilizan 48.119 casos acumulados, con 209 contagios activos.<\/p>\n<p>&nbsp;<\/p>\n<p>\u201cEn cuanto a los casos activos, pese a presentar una disminuci\u00f3n en este indicador a nivel regional, la comuna de La Serena es quien lidera esta cifra concentrando casi el 50% de los contagios, por eso es importante seguir cuid\u00e1ndonos y no relajarnos\u201d, finaliz\u00f3 el Seremi Garc\u00eda.<\/p>\n<p><strong>\u00a0<\/strong><\/p>\n<p><strong>BALANCE REGI\u00d3N DE COQUIMBO<\/strong><\/p>\n<p>Martes 17 de agosto del 2021<\/p>\n<p>15 casos nuevos<\/p>\n<p>48.119 casos acumulados<\/p>\n<p>209 casos activos<\/p>\n<p>973 fallecidos<\/p>\n<p>Residencias Sanitarias:31% de ocupaci\u00f3n<\/p>\n<p>Detalle Casos Nuevos:<\/p>\n<ul>\n<li>5 de La Serena<\/li>\n<li>3 de Coquimbo<\/li>\n<li>3 de Andacollo<\/li>\n<li>1 de Illapel<\/li>\n<li>1 de Los Vilos<\/li>\n<li>1 de Ovalle<\/li>\n<li>1 de otra regi\u00f3n<\/li>\n<\/ul>\n<p>&nbsp;<\/p>\n","protected":false},"excerpt":{"rendered":"<p>Autoridades de salud entregaron un nuevo balance sanitario en relaci\u00f3n a la situaci\u00f3n local del Coronavirus, reiterando el llamado al autocuidado y reforzar las medidas sanitarias en reuniones sociales.<\/p>\n","protected":false},"author":2,"featured_media":5625,"comment_status":"open","ping_status":"open","sticky":false,"template":"","format":"standard","meta":{"footnotes":""},"categories":[6],"tags":[],"class_list":["post-5624","post","type-post","status-publish","format-standard","has-post-thumbnail","hentry","category-regionales"],"_links":{"self":[{"href":"https:\/\/www.radiolimari.cl\/index.php?rest_route=\/wp\/v2\/posts\/5624","targetHints":{"allow":["GET"]}}],"collection":[{"href":"https:\/\/www.radiolimari.cl\/index.php?rest_route=\/wp\/v2\/posts"}],"about":[{"href":"https:\/\/www.radiolimari.cl\/index.php?rest_route=\/wp\/v2\/types\/post"}],"author":[{"embeddable":true,"href":"https:\/\/www.radiolimari.cl\/index.php?rest_route=\/wp\/v2\/users\/2"}],"replies":[{"embeddable":true,"href":"https:\/\/www.radiolimari.cl\/index.php?rest_route=%2Fwp%2Fv2%2Fcomments&post=5624"}],"version-history":[{"count":1,"href":"https:\/\/www.radiolimari.cl\/index.php?rest_route=\/wp\/v2\/posts\/5624\/revisions"}],"predecessor-version":[{"id":5626,"href":"https:\/\/www.radiolimari.cl\/index.php?rest_route=\/wp\/v2\/posts\/5624\/revisions\/5626"}],"wp:featuredmedia":[{"embeddable":true,"href":"https:\/\/www.radiolimari.cl\/index.php?rest_route=\/wp\/v2\/media\/5625"}],"wp:attachment":[{"href":"https:\/\/www.radiolimari.cl\/index.php?rest_route=%2Fwp%2Fv2%2Fmedia&parent=5624"}],"wp:term":[{"taxonomy":"category","embeddable":true,"href":"https:\/\/www.radiolimari.cl\/index.php?rest_route=%2Fwp%2Fv2%2Fcategories&post=5624"},{"taxonomy":"post_tag","embeddable":true,"href":"https:\/\/www.radiolimari.cl\/index.php?rest_route=%2Fwp%2Fv2%2Ftags&post=5624"}],"curies":[{"name":"wp","href":"https:\/\/api.w.org\/{rel}","templated":true}]}}