{"id":5619,"date":"2021-08-17T18:01:39","date_gmt":"2021-08-17T18:01:39","guid":{"rendered":"http:\/\/www.radiolimari.cl\/?p=5619"},"modified":"2021-08-17T18:02:14","modified_gmt":"2021-08-17T18:02:14","slug":"teatro-municipal-de-ovallkermo-reabre-sus-puertas-este-viernes-20-de-agosto","status":"publish","type":"post","link":"https:\/\/www.radiolimari.cl\/?p=5619","title":{"rendered":"Teatro Municipal de Ovalle reabre sus puertas este viernes 20 de agosto"},"content":{"rendered":"<p><a href=\"https:\/\/www.radiolimari.cl\/wp-content\/uploads\/2021\/08\/teatro-municipal-de-ovalle.jpg\"><img fetchpriority=\"high\" decoding=\"async\" class=\"alignnone size-medium wp-image-5621\" src=\"https:\/\/www.radiolimari.cl\/wp-content\/uploads\/2021\/08\/teatro-municipal-de-ovalle-300x199.jpg\" alt=\"teatro municipal de ovalle\" width=\"300\" height=\"199\" srcset=\"https:\/\/www.radiolimari.cl\/wp-content\/uploads\/2021\/08\/teatro-municipal-de-ovalle-300x199.jpg 300w, https:\/\/www.radiolimari.cl\/wp-content\/uploads\/2021\/08\/teatro-municipal-de-ovalle.jpg 512w\" sizes=\"(max-width: 300px) 100vw, 300px\" \/><\/a><\/p>\n<p><strong>Las entradas para las funciones del TMO se encuentran disponibles, completamente gratis, en <a href=\"http:\/\/www.tmo.cl\">www.tmo.cl<\/a>\u00a0Los asistentes deben presentar su pase de movilidad para ingresar al recinto<\/strong><!--more--><\/p>\n<p>El retroceso a fase 2 y posterior cuarentena a principios del 2021 en la capital limarina, oblig\u00f3 al Teatro Municipal de Ovalle a cerrar nuevamente sus puertas, retomando su cartelera\u00a0 online y en algunas ocasiones \u2013seg\u00fan lo permit\u00edan las medidas sanitarias- en espacios no convencionales, al aire libre.<\/p>\n<p>Despu\u00e9s de meses de espera, las butacas rojas este viernes 20 de agosto nuevamente ser\u00e1n ocupadas por los amantes de las artes esc\u00e9nicas, ya que \u2013con \u00a0todos los resguardos sanitarios: toma de temperatura, uso de alcohol gel, aforo reducido y la exigencia del pase de movilidad- el TMO abrir\u00e1 sus puertas al p\u00fablico.<\/p>\n<p>Cicatrices; una obra que narra las historias de mujeres cargadas de sue\u00f1os, miedos, frustraciones y esperanzas, a trav\u00e9s de 8 relatos \u2013basados en hechos reales- en los que la violencia y el maltrato son factores comunes; ser\u00e1 la encargada de iniciar las funciones presenciales, este viernes a las 19:00 horas.<\/p>\n<p>Mientras tanto el viernes 27 y s\u00e1bado 28 de agosto a las 19:00 horas, el TMO \u2013en el marco del mes de la fotograf\u00eda y en un trabajo colaborativo con el Ministerio de las Culturas, las Artes y el Patrimonio- exhibir\u00e1 el reci\u00e9n estrenado documental \u201cSergio Larra\u00edn, El Instante Eterno\u201d, en el que el cineasta, Sebasti\u00e1n Moreno, se acerca tanto a su obra como a su intimidad, a trav\u00e9s de entrevistas a familiares, colegas y amigos creando un relato de un ser brillante y complejo.<\/p>\n<p>\u201cEst\u00e1bamos ansiosos por reencontrarnos con nuestros p\u00fablicos y finalmente este viernes nuevamente podremos hacerlo. Ya contamos con una programaci\u00f3n nutrida hasta fines de septiembre. Estamos preparados para esta reapertura con todas las medidas necesarias, exigidas por la autoridad sanitaria, entregando seguridad tanto a la ciudadan\u00eda cultural como al equipo del TMO\u201d afirm\u00f3 el director ejecutivo de la Corporaci\u00f3n cultural Municipal de Ovalle, Ifman Huerta Saavedra.<\/p>\n<p>De igual forma se\u00f1al\u00f3 que \u201clas entradas para todas las funciones presenciales, se encuentran disponibles en <a href=\"http:\/\/www.tmo.cl\">www.tmo.cl<\/a>, las cuales podr\u00e1n descargar completamente gratis en sus equipos m\u00f3viles para presentarlos en la puerta de acceso al TMO, evitando as\u00ed contacto con tickets f\u00edsicos\u201d.<\/p>\n<p><strong>MIRADA REGIONAL<\/strong><\/p>\n<p>Dentro de la programaci\u00f3n que ofrecer\u00e1 durante el mes de septiembre de forma presencial se encuentra el Ciclo Mirada Regional, el cual es el resultado de una alianza entre el TMO y SIDARTE filial Coquimbo, que buscamostrarlos diferentestrabajosesc\u00e9nicosde los sociosde SIDARTEFilialCoquimbo, a trav\u00e9s de una programaci\u00f3nque invitaaconocer,desde unaperspectivaabierta, los diferenteslenguajesysingularidades delquehacer teatraldeloscreadoresdela cuarta regi\u00f3n.<\/p>\n<p>Al respecto el presidente de SIDARTE filial Coquimbo, Marcelo Saavedra, manifest\u00f3 que \u201choy ya es una realidad que seis propuestas esc\u00e9nicas regionales de nuestros socios ser\u00e1n parte de la programaci\u00f3n\u00a0 del TMO, lo cual nos tiene muy contentos, tomando en cuenta que este es un espacio que cuenta con un plan de gesti\u00f3n y un modelo de trabajo reconocido a nivel nacional y que es muy amigable con los artistas\u201d.<\/p>\n<p>Una noche Boca Arriba (3), Super 3R (24) y Juntas en Resistencia (25) ser\u00e1n las tres primeras obras que ser\u00e1n parte de este ciclo, en el mes de septiembre; como parte de la programaci\u00f3n que hasta ahora tiene en cartelera el TMO, a la cual se suma otras actividades como la presentaci\u00f3n folcl\u00f3rica \u201cEste es mi Chile\u201d y el lanzamiento del disco de Los condenados el 01 de octubre.<\/p>\n<p>&nbsp;<\/p>\n<p>&nbsp;<\/p>\n","protected":false},"excerpt":{"rendered":"<p>Las entradas para las funciones del TMO se encuentran disponibles, completamente gratis, en www.tmo.cl\u00a0Los asistentes deben presentar su pase de movilidad para ingresar al recinto<\/p>\n","protected":false},"author":2,"featured_media":5621,"comment_status":"open","ping_status":"open","sticky":false,"template":"","format":"standard","meta":{"footnotes":""},"categories":[3],"tags":[],"class_list":["post-5619","post","type-post","status-publish","format-standard","has-post-thumbnail","hentry","category-actualidad"],"_links":{"self":[{"href":"https:\/\/www.radiolimari.cl\/index.php?rest_route=\/wp\/v2\/posts\/5619","targetHints":{"allow":["GET"]}}],"collection":[{"href":"https:\/\/www.radiolimari.cl\/index.php?rest_route=\/wp\/v2\/posts"}],"about":[{"href":"https:\/\/www.radiolimari.cl\/index.php?rest_route=\/wp\/v2\/types\/post"}],"author":[{"embeddable":true,"href":"https:\/\/www.radiolimari.cl\/index.php?rest_route=\/wp\/v2\/users\/2"}],"replies":[{"embeddable":true,"href":"https:\/\/www.radiolimari.cl\/index.php?rest_route=%2Fwp%2Fv2%2Fcomments&post=5619"}],"version-history":[{"count":3,"href":"https:\/\/www.radiolimari.cl\/index.php?rest_route=\/wp\/v2\/posts\/5619\/revisions"}],"predecessor-version":[{"id":5623,"href":"https:\/\/www.radiolimari.cl\/index.php?rest_route=\/wp\/v2\/posts\/5619\/revisions\/5623"}],"wp:featuredmedia":[{"embeddable":true,"href":"https:\/\/www.radiolimari.cl\/index.php?rest_route=\/wp\/v2\/media\/5621"}],"wp:attachment":[{"href":"https:\/\/www.radiolimari.cl\/index.php?rest_route=%2Fwp%2Fv2%2Fmedia&parent=5619"}],"wp:term":[{"taxonomy":"category","embeddable":true,"href":"https:\/\/www.radiolimari.cl\/index.php?rest_route=%2Fwp%2Fv2%2Fcategories&post=5619"},{"taxonomy":"post_tag","embeddable":true,"href":"https:\/\/www.radiolimari.cl\/index.php?rest_route=%2Fwp%2Fv2%2Ftags&post=5619"}],"curies":[{"name":"wp","href":"https:\/\/api.w.org\/{rel}","templated":true}]}}