{"id":5611,"date":"2021-08-17T14:21:19","date_gmt":"2021-08-17T14:21:19","guid":{"rendered":"http:\/\/www.radiolimari.cl\/?p=5611"},"modified":"2021-08-17T14:21:19","modified_gmt":"2021-08-17T14:21:19","slug":"primera-encuesta-nacional-invita-a-sonar-un-chile-regional-y-descentralizado","status":"publish","type":"post","link":"https:\/\/www.radiolimari.cl\/?p=5611","title":{"rendered":"Primera encuesta nacional invita a so\u00f1ar un Chile regional y descentralizado"},"content":{"rendered":"<p><a href=\"https:\/\/www.radiolimari.cl\/wp-content\/uploads\/2021\/08\/18.8-encuensta.jpeg\"><img fetchpriority=\"high\" decoding=\"async\" class=\"alignnone size-medium wp-image-5612\" src=\"https:\/\/www.radiolimari.cl\/wp-content\/uploads\/2021\/08\/18.8-encuensta-300x225.jpeg\" alt=\"18.8 encuensta\" width=\"300\" height=\"225\" srcset=\"https:\/\/www.radiolimari.cl\/wp-content\/uploads\/2021\/08\/18.8-encuensta-300x225.jpeg 300w, https:\/\/www.radiolimari.cl\/wp-content\/uploads\/2021\/08\/18.8-encuensta.jpeg 1024w\" sizes=\"(max-width: 300px) 100vw, 300px\" \/><\/a><\/p>\n<p><strong>El sondeo se realizar\u00e1 en el marco del Encuentro Nacional de Gobiernos Regionales, a realizarse en el Biob\u00edo durante la segunda semana de septiembre. Se trata de una encuesta an\u00f3nima y abierta a la comunidad, que no toma m\u00e1s de 10 minutos.<\/strong><!--more--><\/p>\n<p>Con el fin de dar a conocer los sue\u00f1os de las y los chilenos en materia de descentralizaci\u00f3n y fortalecimiento de las regiones, la Asociaci\u00f3n Nacional de Gobiernos Regionales \u2014entidad en proceso de formaci\u00f3n\u2014 dispuso la creaci\u00f3n de una encuesta denominada \u201cChile regional y descentralizado\u201d.<\/p>\n<p>El instrumento es abierto a la comunidad y dirigido a todas las personas que deseen responder el cuestionario, que no supera los 10 minutos de tiempo y est\u00e1 disponible de forma digital.<\/p>\n<p>La encuesta se enmarca en la hoja de ruta del primer Encuentro Nacional de Gobiernos Regionales, que tendr\u00e1 lugar en el Biob\u00edo durante la segunda semana de septiembre. Los resultados del sondaje ser\u00e1n parte de la discusi\u00f3n de la cita, y quedar\u00e1n plasmados en un escrito que condensar\u00e1 los principales acuerdos de las y los Gobernadores Regionales.<\/p>\n<p>El evento se realizar\u00e1 durante la segunda semana de septiembre y congregar\u00e1 a los 16 Gobernadores y Gobernadoras. El objetivo es visibilizar las propuestas y demandas de las regiones para una descentralizaci\u00f3n efectiva.<\/p>\n<p>Un encuentro que se concretar\u00e1 de manera presencial y telem\u00e1tica, sobre el cual el Gobernador de la Regi\u00f3n del Biob\u00edo, Rodrigo D\u00edaz W\u00f6rner, quien oficiar\u00e1 de anfitri\u00f3n, detall\u00f3 que <strong>\u201cva a ser un gran encuentro de los Gobiernos Regionales y la sede ser\u00e1 la intercomuna del Gran Concepci\u00f3n. El objeto de la cita es entregar una primera demanda para que las y los asistentes entiendan la dimensiones y alcances que queremos que tenga el proceso de descentralizaci\u00f3n\u201d.<\/strong><\/p>\n<p>Adem\u00e1s, se pondr\u00e1 especial atenci\u00f3n a las propuestas de las candidaturas presidenciales en materia de descentralizaci\u00f3n, <strong>\u201cque es una de las grandes desigualdades que afecta a nuestro pa\u00eds. Asumimos que este es un tema en el que se debe avanzar con medidas administrativas y legislativas en el pr\u00f3ximo per\u00edodo y con medidas estructurales a partir del trabajo de la Convenci\u00f3n Constitucional\u201d, agreg\u00f3 el Gobernador del B\u00edobio.<\/strong><\/p>\n<p>Por su parte, la Gobernadora Regional de Coquimbo, Krist Naranjo, puntualiz\u00f3 que <strong>\u201cla Asociaci\u00f3n de Gobernadores Regionales es una instancia en la que estamos trabajando para abordar de forma conjunta las dificultades que hemos encontrado en el proceso de instalaci\u00f3n en cada una de las regiones, entre ellas, atribuciones que no tenemos, presupuesto, dependencias y proyectos de ley que no est\u00e1n yendo a la velocidad que la descentralizaci\u00f3n requiere. En esa l\u00ednea, y sumado a la importancia de escuchar a las comunidades a trav\u00e9s de esa encuesta, este es un encuentro muy importante para el trabajo que estamos desarrollando\u201d.<\/strong><\/p>\n<p>Al encuentro est\u00e1n invitados diversos actores de los distintos poderes del Estado, adem\u00e1s de la mesa ejecutiva de la Convenci\u00f3n Constitucional y todas las candidaturas presidenciales que a la fecha registren inscripci\u00f3n oficial.<\/p>\n<p>La encuesta \u201cChile regional y descentralizado\u201d est\u00e1 disponible en el link https:\/\/docs.google.com\/forms\/d\/e\/1FAIpQLSeyYgn0NoRNtnV04QVFaP24dL-INHUZTYqXTnvRb2YJnv_P2g\/viewform y pueden participar todas las personas que lo deseen.<\/p>\n","protected":false},"excerpt":{"rendered":"<p>El sondeo se realizar\u00e1 en el marco del Encuentro Nacional de Gobiernos Regionales, a realizarse en el Biob\u00edo durante la segunda semana de septiembre. Se trata de una encuesta an\u00f3nima y abierta a la comunidad, que no toma m\u00e1s de 10 minutos.<\/p>\n","protected":false},"author":2,"featured_media":5612,"comment_status":"open","ping_status":"open","sticky":false,"template":"","format":"standard","meta":{"footnotes":""},"categories":[6],"tags":[],"class_list":["post-5611","post","type-post","status-publish","format-standard","has-post-thumbnail","hentry","category-regionales"],"_links":{"self":[{"href":"https:\/\/www.radiolimari.cl\/index.php?rest_route=\/wp\/v2\/posts\/5611","targetHints":{"allow":["GET"]}}],"collection":[{"href":"https:\/\/www.radiolimari.cl\/index.php?rest_route=\/wp\/v2\/posts"}],"about":[{"href":"https:\/\/www.radiolimari.cl\/index.php?rest_route=\/wp\/v2\/types\/post"}],"author":[{"embeddable":true,"href":"https:\/\/www.radiolimari.cl\/index.php?rest_route=\/wp\/v2\/users\/2"}],"replies":[{"embeddable":true,"href":"https:\/\/www.radiolimari.cl\/index.php?rest_route=%2Fwp%2Fv2%2Fcomments&post=5611"}],"version-history":[{"count":1,"href":"https:\/\/www.radiolimari.cl\/index.php?rest_route=\/wp\/v2\/posts\/5611\/revisions"}],"predecessor-version":[{"id":5613,"href":"https:\/\/www.radiolimari.cl\/index.php?rest_route=\/wp\/v2\/posts\/5611\/revisions\/5613"}],"wp:featuredmedia":[{"embeddable":true,"href":"https:\/\/www.radiolimari.cl\/index.php?rest_route=\/wp\/v2\/media\/5612"}],"wp:attachment":[{"href":"https:\/\/www.radiolimari.cl\/index.php?rest_route=%2Fwp%2Fv2%2Fmedia&parent=5611"}],"wp:term":[{"taxonomy":"category","embeddable":true,"href":"https:\/\/www.radiolimari.cl\/index.php?rest_route=%2Fwp%2Fv2%2Fcategories&post=5611"},{"taxonomy":"post_tag","embeddable":true,"href":"https:\/\/www.radiolimari.cl\/index.php?rest_route=%2Fwp%2Fv2%2Ftags&post=5611"}],"curies":[{"name":"wp","href":"https:\/\/api.w.org\/{rel}","templated":true}]}}