{"id":5608,"date":"2021-08-17T14:10:01","date_gmt":"2021-08-17T14:10:01","guid":{"rendered":"http:\/\/www.radiolimari.cl\/?p=5608"},"modified":"2021-08-17T14:10:01","modified_gmt":"2021-08-17T14:10:01","slug":"en-rio-hurtado-3-funcionarios-del-area-de-educacion-se-acogen-a-retiro-en-emotiva-ceremonia","status":"publish","type":"post","link":"https:\/\/www.radiolimari.cl\/?p=5608","title":{"rendered":"En R\u00edo Hurtado 3 funcionarios del \u00e1rea de educaci\u00f3n se acogen a retiro en emotiva ceremonia."},"content":{"rendered":"<p><a href=\"https:\/\/www.radiolimari.cl\/wp-content\/uploads\/2021\/08\/17.8-Funcionarios-jubilaci\u00f3n.jpeg\"><img fetchpriority=\"high\" decoding=\"async\" class=\"alignnone size-medium wp-image-5609\" src=\"https:\/\/www.radiolimari.cl\/wp-content\/uploads\/2021\/08\/17.8-Funcionarios-jubilaci\u00f3n-300x199.jpeg\" alt=\"17.8 Funcionarios jubilaci\u00f3n\" width=\"300\" height=\"199\" srcset=\"https:\/\/www.radiolimari.cl\/wp-content\/uploads\/2021\/08\/17.8-Funcionarios-jubilaci\u00f3n-300x199.jpeg 300w, https:\/\/www.radiolimari.cl\/wp-content\/uploads\/2021\/08\/17.8-Funcionarios-jubilaci\u00f3n-1024x682.jpeg 1024w, https:\/\/www.radiolimari.cl\/wp-content\/uploads\/2021\/08\/17.8-Funcionarios-jubilaci\u00f3n.jpeg 1280w\" sizes=\"(max-width: 300px) 100vw, 300px\" \/><\/a><\/p>\n<p>La alcaldesa Carmen Juana Olivares manifest\u00f3 su gratitud a H\u00e9ctor Carrasco, Gustavo Portilla y Jos\u00e9 Cort\u00e9s, quienes entregaron su trabajo a disposici\u00f3n del municipio.<!--more--><\/p>\n<p>La alcaldesa de la comuna, Carmen Juana Olivares, junto con el director del Departamento de Educaci\u00f3n del municipio, Juan Carlos Garc\u00eda Collao y el Concejal Jaime Flores, despidieron en una emotiva ceremonia a tres funcionarios que entregaron su esfuerzo y dedicaci\u00f3n a cumplir labores en el municipio, apoyando a los estudiantes de la comuna.<\/p>\n<p>La alcaldesa manifest\u00f3 su gratitud a H\u00e9ctor Carrasco, Gustavo Portilla y Jos\u00e9 Cort\u00e9s, quienes entregaron su trabajo a disposici\u00f3n del municipio en el\u00a0 \u00e1rea de Educaci\u00f3n.<\/p>\n<p>\u201cPara nosotros es de gran orgullo que estuvieron tantos a\u00f1os al servicio de la c9omunidad educativa, con una impecable labor. Fue una ceremonia \u00edntima, en la cual hemos manifestado todo nuestro afecto y gratitud a tan noble labor que realizaron al servicio de la comunidad\u201d, sostuvo la alcaldesa Carmen Juana Olivares.<\/p>\n<p>Con emoci\u00f3n tambi\u00e9n pas\u00f3 a retiro Jos\u00e9 Cort\u00e9s, quien desempe\u00f1\u00f3 funciones como asistente de la educaci\u00f3n en el hogar estudiantil de Pichasca, desde 2007, dejando atr\u00e1s a\u00f1os de labor bajo la dependencia del Departamento de Educaci\u00f3n del municipio de R\u00edo Hurtado.<\/p>\n<p>\u201cLa mayor parte de mi vida la ocup\u00e9 en el trabajo y lleg\u00f3 la hora de descansar. La salud no es igual como cuando comenc\u00e9 a trabajar, el fr\u00edo se siente mucho m\u00e1s, sobre todo en mi labor de hacer turnos de noche\u201d, dijo.<\/p>\n<p>Mientras que Gustavo Portilla, quien ingres\u00f3 al municipio en 1981, prestando diversos servicios, moviliz\u00f3 en los \u00faltimos a\u00f1os a los alumnos de la comuna que se internaban en los hogares estudiantiles.<\/p>\n<p>\u201cMe llevo grandes recuerdos y el grupo humano fue muy bueno. Cuesta asumir el retiro, pero me voy con un lindo recuerdo por haber colaborado en beneficio de todos los alumnos de la comuna. Un muchas veces los ve en la calle, donde yo no los reconozco, pero ellos s\u00ed me reconocen y eso llena el alma\u201d, coment\u00f3.<\/p>\n<p>H\u00e9ctor Carrasco ingreso el 2012 al municipio, desempe\u00f1ando labores en el predio agr\u00edcola, cuidando de la tierra y los animales. Don H\u00e9ctor se acoge a retiro, recordando los tiempos en los cuales la sequ\u00eda a\u00fan no generaba tantos estragos.<\/p>\n<p>\u201cMis recuerdos son cuando ten\u00edamos animales, yo trabajaba buscando pastito a ellos, carreteaba por todos lados buscando talaje y esas son experiencias que ya no vuelven. Es lo \u00fanico que me afecta, porque lo echar\u00e9 mucho de menos en una labor muy esforzada, levant\u00e1ndome temprano para buscar su comida\u201d, record\u00f3.<\/p>\n<p>La ceremonia se ofici\u00f3 en el Sal\u00f3n Azul del municipio, donde adem\u00e1s cada uno de los funcionarios recibi\u00f3 un presente por sus a\u00f1os de servicio.<\/p>\n<p>&nbsp;<\/p>\n","protected":false},"excerpt":{"rendered":"<p>La alcaldesa Carmen Juana Olivares manifest\u00f3 su gratitud a H\u00e9ctor Carrasco, Gustavo Portilla y Jos\u00e9 Cort\u00e9s, quienes entregaron su trabajo a disposici\u00f3n del municipio.<\/p>\n","protected":false},"author":2,"featured_media":5609,"comment_status":"open","ping_status":"open","sticky":false,"template":"","format":"standard","meta":{"footnotes":""},"categories":[5],"tags":[],"class_list":["post-5608","post","type-post","status-publish","format-standard","has-post-thumbnail","hentry","category-actualidad-limarina"],"_links":{"self":[{"href":"https:\/\/www.radiolimari.cl\/index.php?rest_route=\/wp\/v2\/posts\/5608","targetHints":{"allow":["GET"]}}],"collection":[{"href":"https:\/\/www.radiolimari.cl\/index.php?rest_route=\/wp\/v2\/posts"}],"about":[{"href":"https:\/\/www.radiolimari.cl\/index.php?rest_route=\/wp\/v2\/types\/post"}],"author":[{"embeddable":true,"href":"https:\/\/www.radiolimari.cl\/index.php?rest_route=\/wp\/v2\/users\/2"}],"replies":[{"embeddable":true,"href":"https:\/\/www.radiolimari.cl\/index.php?rest_route=%2Fwp%2Fv2%2Fcomments&post=5608"}],"version-history":[{"count":1,"href":"https:\/\/www.radiolimari.cl\/index.php?rest_route=\/wp\/v2\/posts\/5608\/revisions"}],"predecessor-version":[{"id":5610,"href":"https:\/\/www.radiolimari.cl\/index.php?rest_route=\/wp\/v2\/posts\/5608\/revisions\/5610"}],"wp:featuredmedia":[{"embeddable":true,"href":"https:\/\/www.radiolimari.cl\/index.php?rest_route=\/wp\/v2\/media\/5609"}],"wp:attachment":[{"href":"https:\/\/www.radiolimari.cl\/index.php?rest_route=%2Fwp%2Fv2%2Fmedia&parent=5608"}],"wp:term":[{"taxonomy":"category","embeddable":true,"href":"https:\/\/www.radiolimari.cl\/index.php?rest_route=%2Fwp%2Fv2%2Fcategories&post=5608"},{"taxonomy":"post_tag","embeddable":true,"href":"https:\/\/www.radiolimari.cl\/index.php?rest_route=%2Fwp%2Fv2%2Ftags&post=5608"}],"curies":[{"name":"wp","href":"https:\/\/api.w.org\/{rel}","templated":true}]}}