{"id":5602,"date":"2021-08-16T21:29:42","date_gmt":"2021-08-16T21:29:42","guid":{"rendered":"http:\/\/www.radiolimari.cl\/?p=5602"},"modified":"2021-08-16T21:29:42","modified_gmt":"2021-08-16T21:29:42","slug":"fundacion-integra-inaugura-reposicion-de-jardin-infantil-ojitos-del-futuro-de-ovalle","status":"publish","type":"post","link":"https:\/\/www.radiolimari.cl\/?p=5602","title":{"rendered":"Fundaci\u00f3n Integra  Inaugura reposici\u00f3n de  jard\u00edn infantil \u201cOjitos del Futuro\u201d de Ovalle"},"content":{"rendered":"<p><a href=\"https:\/\/www.radiolimari.cl\/wp-content\/uploads\/2021\/08\/16.8-jardin-vista-hermosa-CORTE-DE-CINTA.jpg\"><img fetchpriority=\"high\" decoding=\"async\" class=\"alignnone size-medium wp-image-5603\" src=\"https:\/\/www.radiolimari.cl\/wp-content\/uploads\/2021\/08\/16.8-jardin-vista-hermosa-CORTE-DE-CINTA-300x168.jpg\" alt=\"16.8 jardin vista hermosa CORTE DE CINTA\" width=\"300\" height=\"168\" srcset=\"https:\/\/www.radiolimari.cl\/wp-content\/uploads\/2021\/08\/16.8-jardin-vista-hermosa-CORTE-DE-CINTA-300x168.jpg 300w, https:\/\/www.radiolimari.cl\/wp-content\/uploads\/2021\/08\/16.8-jardin-vista-hermosa-CORTE-DE-CINTA-1024x576.jpg 1024w\" sizes=\"(max-width: 300px) 100vw, 300px\" \/><\/a><\/p>\n<p><span style=\"color: #222222;\">Tras funcionar m\u00e1s de 20 a\u00f1os en la poblaci\u00f3n Vista Hermosa, de Ovalle, fue inaugurada la renovada infraestructura de la sala cuna y jard\u00edn infantil en su nueva ubicaci\u00f3n en Villa San Luis, en un terreno\u00a0 cedido en comodato por la Municipalidad de Ovalle.<\/span><!--more--><\/p>\n<p style=\"font-weight: 400;\">La obra favorecer\u00e1 el acceso a la educaci\u00f3n inicial de 96 ni\u00f1os y ni\u00f1as en los niveles sala cuna y medios, quienes contar\u00e1n con espacios especialmente dise\u00f1ados para sus aprendizajes. Precisamente, la infraestructura del nuevo recinto signific\u00f3 a Fundaci\u00f3n Integra la inversi\u00f3n de cerca de $750 millones, a los que se suman $18 millones en equipamiento y mobiliario.<\/p>\n<p style=\"font-weight: 400;\">Jos\u00e9 Manuel Ready, Director Ejecutivo de Integra, sostuvo que esta obra es un compromiso que \u00e9l adquiri\u00f3 en su \u00faltima visita a la Regi\u00f3n de Coquimbo, a fines del 2019, el que ahora se ve cumplido.<\/p>\n<p style=\"font-weight: 400;\">\u201cEs un jard\u00edn precioso, fue dise\u00f1ado con mucho cari\u00f1o por nuestros arquitectos en la Direcci\u00f3n Regional, entonces estamos aqu\u00ed celebrando este precioso jard\u00edn. Los pap\u00e1s est\u00e1n felices, las trabajadoras del jard\u00edn est\u00e1n much\u00edsimo m\u00e1s felices trabajando en un lugar apropiado y nuestros ni\u00f1os obviamente que pr\u00e1cticamente no se quieren ir de aqu\u00ed, hay que sacarlos o buscar a los pap\u00e1s para que se los lleven porque est\u00e1n tan felices y para nosotros ese es el objetivo: tener ni\u00f1os felices\u201d, manifest\u00f3 Ready.<\/p>\n<p style=\"font-weight: 400;\">Por su parte, la apoderada Pamela Rivera, mam\u00e1 de Amaro Meneses, agreg\u00f3 que \u201cya iban 3 a\u00f1os esperando el jard\u00edn y hoy d\u00eda por fin tenemos un lugar precioso, maravilloso, grande, donde los ni\u00f1os ahora s\u00ed van a poder tener mucho m\u00e1s espacio de recreaci\u00f3n. El jard\u00edn anterior era muy peque\u00f1ito, muy reducido y ac\u00e1 uno ve la infraestructura que es grandota y van a poder jugar tranquilamente\u201d, asegur\u00f3, al tiempo que agradeci\u00f3 el cari\u00f1o que el equipo educativo ha brindado a su hijo y familia en estos a\u00f1os.<\/p>\n<p style=\"font-weight: 400;\">El Alcalde de Ovalle, Claudio Renter\u00eda, encabez\u00f3 las gestiones para la obtenci\u00f3n del nuevo terreno, por lo que se mostr\u00f3 agradecido de ver concretado el jard\u00edn en la comuna e hizo un llamado a los vecinos a ser parte de esta comunidad educativa. \u201cInvitar a los padres y apoderados, a la gente que crea que este es un lugar de acogida para nuestros ni\u00f1os y nuestras ni\u00f1as. Queremos brindarles la mayor de las oportunidades, porque yo siempre hablo de oportunidades y no de vulnerabilidad, porque creo que las oportunidades nuestros ni\u00f1os las van a aprovechar aqu\u00ed, con este excelente recinto donde los van a albergar y entregar una muy buena educaci\u00f3n preescolar\u201d, se\u00f1al\u00f3.<\/p>\n<p style=\"font-weight: 400;\">Finalmente, Iv\u00e1n Espinoza, Delegado Presidencial de la Provincia de Limar\u00ed, expres\u00f3 que \u201cefectivamente el Presidente est\u00e1 en lo correcto en poder invertir y poner mucho capital humano y de infraestructura f\u00edsica en lugares como este, que realmente representan un orgullo. Nosotros en la visita nos damos cuenta que no solamente es la infraestructura, sino la metodolog\u00eda de trabajo, el calor y cari\u00f1o humano, el nivel de profesionalismo que hay ac\u00e1 va a garantizar que quienes pasen por este establecimiento preescolar van a ser un fruto muy bueno para el pa\u00eds, va a engrandecernos como sociedad\u201d, concluy\u00f3.<\/p>\n","protected":false},"excerpt":{"rendered":"<p>Tras funcionar m\u00e1s de 20 a\u00f1os en la poblaci\u00f3n Vista Hermosa, de Ovalle, fue inaugurada la renovada infraestructura de la sala cuna y jard\u00edn infantil en su nueva ubicaci\u00f3n en Villa San Luis, en un terreno\u00a0 cedido en comodato por la Municipalidad de Ovalle.<\/p>\n","protected":false},"author":2,"featured_media":5603,"comment_status":"open","ping_status":"open","sticky":false,"template":"","format":"standard","meta":{"footnotes":""},"categories":[3],"tags":[],"class_list":["post-5602","post","type-post","status-publish","format-standard","has-post-thumbnail","hentry","category-actualidad"],"_links":{"self":[{"href":"https:\/\/www.radiolimari.cl\/index.php?rest_route=\/wp\/v2\/posts\/5602","targetHints":{"allow":["GET"]}}],"collection":[{"href":"https:\/\/www.radiolimari.cl\/index.php?rest_route=\/wp\/v2\/posts"}],"about":[{"href":"https:\/\/www.radiolimari.cl\/index.php?rest_route=\/wp\/v2\/types\/post"}],"author":[{"embeddable":true,"href":"https:\/\/www.radiolimari.cl\/index.php?rest_route=\/wp\/v2\/users\/2"}],"replies":[{"embeddable":true,"href":"https:\/\/www.radiolimari.cl\/index.php?rest_route=%2Fwp%2Fv2%2Fcomments&post=5602"}],"version-history":[{"count":1,"href":"https:\/\/www.radiolimari.cl\/index.php?rest_route=\/wp\/v2\/posts\/5602\/revisions"}],"predecessor-version":[{"id":5604,"href":"https:\/\/www.radiolimari.cl\/index.php?rest_route=\/wp\/v2\/posts\/5602\/revisions\/5604"}],"wp:featuredmedia":[{"embeddable":true,"href":"https:\/\/www.radiolimari.cl\/index.php?rest_route=\/wp\/v2\/media\/5603"}],"wp:attachment":[{"href":"https:\/\/www.radiolimari.cl\/index.php?rest_route=%2Fwp%2Fv2%2Fmedia&parent=5602"}],"wp:term":[{"taxonomy":"category","embeddable":true,"href":"https:\/\/www.radiolimari.cl\/index.php?rest_route=%2Fwp%2Fv2%2Fcategories&post=5602"},{"taxonomy":"post_tag","embeddable":true,"href":"https:\/\/www.radiolimari.cl\/index.php?rest_route=%2Fwp%2Fv2%2Ftags&post=5602"}],"curies":[{"name":"wp","href":"https:\/\/api.w.org\/{rel}","templated":true}]}}