{"id":5599,"date":"2021-08-16T21:21:41","date_gmt":"2021-08-16T21:21:41","guid":{"rendered":"http:\/\/www.radiolimari.cl\/?p=5599"},"modified":"2021-08-16T21:21:41","modified_gmt":"2021-08-16T21:21:41","slug":"robo-de-cables-en-el-sector-costanera-del-limari-denuncia-municipio-ovallino","status":"publish","type":"post","link":"https:\/\/www.radiolimari.cl\/?p=5599","title":{"rendered":"Robo de cables en el sector Costanera del Limar\u00ed  denuncia Municipio Ovallino"},"content":{"rendered":"<p><a href=\"https:\/\/www.radiolimari.cl\/wp-content\/uploads\/2021\/08\/16.8-Robo-de-cables-sector-Costanera-del-Limar\u00ed.jpg\"><img fetchpriority=\"high\" decoding=\"async\" class=\"alignnone size-medium wp-image-5600\" src=\"https:\/\/www.radiolimari.cl\/wp-content\/uploads\/2021\/08\/16.8-Robo-de-cables-sector-Costanera-del-Limar\u00ed-300x200.jpg\" alt=\"16.8 Robo de cables sector Costanera del Limar\u00ed\" width=\"300\" height=\"200\" srcset=\"https:\/\/www.radiolimari.cl\/wp-content\/uploads\/2021\/08\/16.8-Robo-de-cables-sector-Costanera-del-Limar\u00ed-300x200.jpg 300w, https:\/\/www.radiolimari.cl\/wp-content\/uploads\/2021\/08\/16.8-Robo-de-cables-sector-Costanera-del-Limar\u00ed-1024x682.jpg 1024w\" sizes=\"(max-width: 300px) 100vw, 300px\" \/><\/a><\/p>\n<p><strong><em>Debido a esta acci\u00f3n delictual, esta zona de alto tr\u00e1nsito vehicular se encuentra con el alumbrado p\u00fablico apagado desde Arizt\u00eda Poniente hasta el cruce de Los Pe\u00f1ones. Desde la entidad consistorial hicieron un llamado a denunciar si es que son testigos de estos hechos, que afectan tanto a automovilistas, como a los peatones que frecuentan el lugar. <\/em><\/strong><!--more--><\/p>\n<p>Una desagradable situaci\u00f3n se vivi\u00f3 en la Avenida Circunvalaci\u00f3n o conocida tambi\u00e9n como Costanera del Limar\u00ed en Ovalle, luego que quedara al descubierto el robo dos kil\u00f3metros de cableado del alumbrado p\u00fablico, lo que ha afectado a esta zona que, actualmente, est\u00e1 sin electrificaci\u00f3n en el tramo comprendido entre Arizt\u00eda Poniente y el cruce de Los Pe\u00f1ones.<\/p>\n<p>De acuerdo a lo verificado por el personal municipal, los delincuentes sustrajeron el cableado de cobre que va por canalizaci\u00f3n subterr\u00e1nea y las protecciones de los sistemas autom\u00e1ticos. \u201cDetectamos el robo de cables hace un par de semanas, pero esto ha sucedido en m\u00e1s de una oportunidad y nuestras cuadrillas han repuesto lo sustra\u00eddo, pero esto no se ha detenido, generando un gran problema para la comunidad\u201d indic\u00f3 la ingeniero civil el\u00e9ctrico del municipio de Ovalle, Jocelyn Galleguillos. La profesional agreg\u00f3 que ahora \u201ccambiaremos el cableado de cobre por aluminio, para que sea menos atractivo para los antisociales, porque el cobre es m\u00e1s f\u00e1cil de vender o fundir\u201d.<\/p>\n<p>Los problemas con la electrificaci\u00f3n se iniciaron hace un a\u00f1o con el robo de energ\u00eda, lo que causaba frecuentes cortes de electricidad, luego se solucion\u00f3 esta situaci\u00f3n pero continuaron los hechos delictuales con el rompimiento de cables, tableros y postes. \u201cHacemos un llamado a la comunidad a denunciar si son testigos de estas acciones de personas inescrupulosas, que s\u00f3lo generan da\u00f1os estructurales y nos deja sin servicio de alumbrado p\u00fablico en la avenida Circunvalaci\u00f3n. De todos modos, como municipio realizamos la denuncia correspondiente en la Fiscal\u00eda local para quienes resulten responsables\u201d sostuvo el alcalde de Ovalle, Claudio Renter\u00eda.<\/p>\n<p>Se trata de una zona que tiene un alto flujo vehicular, puesto que es el enlace para quienes se dirigen tanto a la zona norte, como sur del pa\u00eds. Adem\u00e1s, de los automovilistas, esta situaci\u00f3n ha afectado a las personas que frecuentan diariamente este lugar, para realizar diversas actividades deportivas en jornada vespertina.<\/p>\n","protected":false},"excerpt":{"rendered":"<p>Debido a esta acci\u00f3n delictual, esta zona de alto tr\u00e1nsito vehicular se encuentra con el alumbrado p\u00fablico apagado desde Arizt\u00eda Poniente hasta el cruce de Los Pe\u00f1ones. Desde la entidad consistorial hicieron un llamado a denunciar si es que son testigos de estos hechos, que afectan tanto a automovilistas, como a los peatones que frecuentan &#8230;<\/p>\n","protected":false},"author":2,"featured_media":5600,"comment_status":"open","ping_status":"open","sticky":false,"template":"","format":"standard","meta":{"footnotes":""},"categories":[3],"tags":[],"class_list":["post-5599","post","type-post","status-publish","format-standard","has-post-thumbnail","hentry","category-actualidad"],"_links":{"self":[{"href":"https:\/\/www.radiolimari.cl\/index.php?rest_route=\/wp\/v2\/posts\/5599","targetHints":{"allow":["GET"]}}],"collection":[{"href":"https:\/\/www.radiolimari.cl\/index.php?rest_route=\/wp\/v2\/posts"}],"about":[{"href":"https:\/\/www.radiolimari.cl\/index.php?rest_route=\/wp\/v2\/types\/post"}],"author":[{"embeddable":true,"href":"https:\/\/www.radiolimari.cl\/index.php?rest_route=\/wp\/v2\/users\/2"}],"replies":[{"embeddable":true,"href":"https:\/\/www.radiolimari.cl\/index.php?rest_route=%2Fwp%2Fv2%2Fcomments&post=5599"}],"version-history":[{"count":1,"href":"https:\/\/www.radiolimari.cl\/index.php?rest_route=\/wp\/v2\/posts\/5599\/revisions"}],"predecessor-version":[{"id":5601,"href":"https:\/\/www.radiolimari.cl\/index.php?rest_route=\/wp\/v2\/posts\/5599\/revisions\/5601"}],"wp:featuredmedia":[{"embeddable":true,"href":"https:\/\/www.radiolimari.cl\/index.php?rest_route=\/wp\/v2\/media\/5600"}],"wp:attachment":[{"href":"https:\/\/www.radiolimari.cl\/index.php?rest_route=%2Fwp%2Fv2%2Fmedia&parent=5599"}],"wp:term":[{"taxonomy":"category","embeddable":true,"href":"https:\/\/www.radiolimari.cl\/index.php?rest_route=%2Fwp%2Fv2%2Fcategories&post=5599"},{"taxonomy":"post_tag","embeddable":true,"href":"https:\/\/www.radiolimari.cl\/index.php?rest_route=%2Fwp%2Fv2%2Ftags&post=5599"}],"curies":[{"name":"wp","href":"https:\/\/api.w.org\/{rel}","templated":true}]}}