{"id":5596,"date":"2021-08-16T21:15:54","date_gmt":"2021-08-16T21:15:54","guid":{"rendered":"http:\/\/www.radiolimari.cl\/?p=5596"},"modified":"2021-08-16T21:15:54","modified_gmt":"2021-08-16T21:15:54","slug":"pacientes-del-hospital-de-ovalle-volvieron-a-recibir-visitas-durante-su-recuperacion","status":"publish","type":"post","link":"https:\/\/www.radiolimari.cl\/?p=5596","title":{"rendered":"Pacientes del Hospital de Ovalle volvieron a recibir visitas durante su recuperaci\u00f3n"},"content":{"rendered":"<p><a href=\"https:\/\/www.radiolimari.cl\/wp-content\/uploads\/2021\/08\/16.8-Pedro-Valdivia-visitando-a-su-hijo-en-el-Hospital-de-Ovalle.jpeg\"><img fetchpriority=\"high\" decoding=\"async\" class=\"alignnone size-medium wp-image-5597\" src=\"https:\/\/www.radiolimari.cl\/wp-content\/uploads\/2021\/08\/16.8-Pedro-Valdivia-visitando-a-su-hijo-en-el-Hospital-de-Ovalle-300x168.jpeg\" alt=\"16.8 Pedro Valdivia visitando a su hijo en el Hospital de Ovalle\" width=\"300\" height=\"168\" srcset=\"https:\/\/www.radiolimari.cl\/wp-content\/uploads\/2021\/08\/16.8-Pedro-Valdivia-visitando-a-su-hijo-en-el-Hospital-de-Ovalle-300x168.jpeg 300w, https:\/\/www.radiolimari.cl\/wp-content\/uploads\/2021\/08\/16.8-Pedro-Valdivia-visitando-a-su-hijo-en-el-Hospital-de-Ovalle-1024x576.jpeg 1024w, https:\/\/www.radiolimari.cl\/wp-content\/uploads\/2021\/08\/16.8-Pedro-Valdivia-visitando-a-su-hijo-en-el-Hospital-de-Ovalle.jpeg 1280w\" sizes=\"(max-width: 300px) 100vw, 300px\" \/><\/a><\/p>\n<p>El principal recinto asistencial de Limar\u00ed hab\u00eda suspendido las visitas a hospitalizados por razones de prevenci\u00f3n y seguridad desde que comenz\u00f3 la pandemia.<!--more--><\/p>\n<p>Ante el drama y la angustia de familiares y amigos que no han podido estar junto a sus enfermos, esta semana anunciaron desde el Hospital de Ovalle que gradualmente est\u00e1n comenzado a implementar un sistema de visitas agendadas, con el fin de mantener los aforos reducidos y con un requisito fundamental para poder ingresar al establecimiento: tener el pase de movilidad al d\u00eda.<\/p>\n<p>El Hospital comenz\u00f3 esta semana a llamar por tel\u00e9fono a los familiares de los pacientes para agendar las visitas, las cuales se desarrollan respetando estrictos protocolos de seguridad, para evitar los contagios de COVID-19 dentro del recinto.<\/p>\n<p>Pedro Valdivia es padre de uno de los pacientes que se encuentran en las salas de hospitalizaci\u00f3n y fue uno de los primeros visitantes citados por el establecimiento.<\/p>\n<p>En ese sentido, se\u00f1al\u00f3 que \u201ces una alegr\u00eda tremenda\u201d poder reunirse con su hijo \u201cme pongo en el lugar de las familias que no han podido ver a los pacientes por meses y que s\u00f3lo lo han podido ver por video llamada y me parece que se vuelva a autorizar las visitas de pacientes es s\u00faper bueno\u201d.<\/p>\n<p>El padre del paciente comenta que \u201cno es lo mismo verlo por tel\u00e9fono o que s\u00f3lo los doctores te indiquen el parte m\u00e9dico diario\u201d<\/p>\n<p>Respecto a la seguridad y las medidas de prevenci\u00f3n contra el COVID-19 dentro del lugar, Pedro asegur\u00f3 que \u201clos protocolos de ingresos a cada uno de los sectores son bastante estricto, como debe ser\u201d, lo cual les otorga mayor seguridad a todos, consign\u00f3.<\/p>\n<p>Los responsables de gestionar el agendamiento de visitas y la recepci\u00f3n de los usuarios en el Hospital de Ovalle es el personal de la Oficina de Informaciones Reclamos y Sugerencias (OIRS) y la encarga de esta unidad, la psic\u00f3loga Andrea Walden, explic\u00f3 que, \u201cel principal requisito para ingresar tiene ver con el pase de movilidad, adem\u00e1s, la persona debe traer su carnet de identidad para verificar toda la informaci\u00f3n entregada, y por supuesto, no presentarse con ning\u00fan s\u00edntoma de patolog\u00edas respiratorias\u201d.<\/p>\n<p>La profesional tambi\u00e9n cont\u00f3 que durante estos d\u00edas \u201cestamos en un proceso de marcha blanca a\u00fan y para hacerlo de una forma ordenada y para cuidar a nuestros pacientes, estamos haciendo un agendamiento previo al d\u00eda anterior a la visita para que la persona pueda ingresar y nosotros tener todos sus datos ya identificados\u201d.<\/p>\n<p>En el caso de los pacientes que est\u00e1n hospitalizados en el recinto con diagn\u00f3stico de COVID-19, desde el Hospital de Ovalle informaron que no pueden recibir visitas todav\u00eda, sin embargo, se seguir\u00e1 con el sistema de video llamadas en el caso de que la persona se encuentre en condiciones de participar, como tambi\u00e9n se les continuar\u00e1 entregando la informaci\u00f3n m\u00e9dica a los familiares y amigos v\u00eda telef\u00f3nica o en algunos casos, de manera presencial.<\/p>\n","protected":false},"excerpt":{"rendered":"<p>El principal recinto asistencial de Limar\u00ed hab\u00eda suspendido las visitas a hospitalizados por razones de prevenci\u00f3n y seguridad desde que comenz\u00f3 la pandemia.<\/p>\n","protected":false},"author":2,"featured_media":5597,"comment_status":"open","ping_status":"open","sticky":false,"template":"","format":"standard","meta":{"footnotes":""},"categories":[5],"tags":[],"class_list":["post-5596","post","type-post","status-publish","format-standard","has-post-thumbnail","hentry","category-actualidad-limarina"],"_links":{"self":[{"href":"https:\/\/www.radiolimari.cl\/index.php?rest_route=\/wp\/v2\/posts\/5596","targetHints":{"allow":["GET"]}}],"collection":[{"href":"https:\/\/www.radiolimari.cl\/index.php?rest_route=\/wp\/v2\/posts"}],"about":[{"href":"https:\/\/www.radiolimari.cl\/index.php?rest_route=\/wp\/v2\/types\/post"}],"author":[{"embeddable":true,"href":"https:\/\/www.radiolimari.cl\/index.php?rest_route=\/wp\/v2\/users\/2"}],"replies":[{"embeddable":true,"href":"https:\/\/www.radiolimari.cl\/index.php?rest_route=%2Fwp%2Fv2%2Fcomments&post=5596"}],"version-history":[{"count":1,"href":"https:\/\/www.radiolimari.cl\/index.php?rest_route=\/wp\/v2\/posts\/5596\/revisions"}],"predecessor-version":[{"id":5598,"href":"https:\/\/www.radiolimari.cl\/index.php?rest_route=\/wp\/v2\/posts\/5596\/revisions\/5598"}],"wp:featuredmedia":[{"embeddable":true,"href":"https:\/\/www.radiolimari.cl\/index.php?rest_route=\/wp\/v2\/media\/5597"}],"wp:attachment":[{"href":"https:\/\/www.radiolimari.cl\/index.php?rest_route=%2Fwp%2Fv2%2Fmedia&parent=5596"}],"wp:term":[{"taxonomy":"category","embeddable":true,"href":"https:\/\/www.radiolimari.cl\/index.php?rest_route=%2Fwp%2Fv2%2Fcategories&post=5596"},{"taxonomy":"post_tag","embeddable":true,"href":"https:\/\/www.radiolimari.cl\/index.php?rest_route=%2Fwp%2Fv2%2Ftags&post=5596"}],"curies":[{"name":"wp","href":"https:\/\/api.w.org\/{rel}","templated":true}]}}