{"id":5593,"date":"2021-08-16T16:50:00","date_gmt":"2021-08-16T16:50:00","guid":{"rendered":"http:\/\/www.radiolimari.cl\/?p=5593"},"modified":"2021-08-16T16:50:00","modified_gmt":"2021-08-16T16:50:00","slug":"gobernadora-krist-naranjo-hace-su-balance-a-un-mes-de-asumir-a-la-cabeza-del-gobierno-regional","status":"publish","type":"post","link":"https:\/\/www.radiolimari.cl\/?p=5593","title":{"rendered":"Gobernadora Krist Naranjo hace su balance a un mes de asumir a la cabeza del Gobierno Regional"},"content":{"rendered":"<p><a href=\"https:\/\/www.radiolimari.cl\/wp-content\/uploads\/2021\/08\/16.6-gobernadora-regioonal.jpg\"><img fetchpriority=\"high\" decoding=\"async\" class=\"alignnone size-medium wp-image-5594\" src=\"https:\/\/www.radiolimari.cl\/wp-content\/uploads\/2021\/08\/16.6-gobernadora-regioonal-300x200.jpg\" alt=\"16.6 gobernadora regioonal\" width=\"300\" height=\"200\" srcset=\"https:\/\/www.radiolimari.cl\/wp-content\/uploads\/2021\/08\/16.6-gobernadora-regioonal-300x200.jpg 300w, https:\/\/www.radiolimari.cl\/wp-content\/uploads\/2021\/08\/16.6-gobernadora-regioonal-1024x682.jpg 1024w\" sizes=\"(max-width: 300px) 100vw, 300px\" \/><\/a><\/p>\n<p><strong>Como un mes \u201cintenso\u201d, calific\u00f3 la autoridad regional las primeras semanas de instalaci\u00f3n, en las que ha debido hacer frente a situaciones de continuidad y temas internos, derivados de las situaciones judiciales por las que atraviesa la instituci\u00f3n.<\/strong><!--more--><\/p>\n<p>El pasado mi\u00e9rcoles 14 de julio la Regi\u00f3n de Coquimbo vivi\u00f3 una jornada hist\u00f3rica, con la instalaci\u00f3n de la Gobernadora Regional, Krist Naranjo, como nueva autoridad local, en un paso m\u00e1s en el anhelado proceso de descentralizaci\u00f3n.<strong>\u00a0<\/strong><\/p>\n<p><strong>\u201cEste ha sido un mes muy intenso. Personalmente, en este Gobierno Regional he tenido bastantes problem\u00e1ticas internas que se han venido acarreando debido a situaciones judiciales en curso dentro de la instituci\u00f3n. En nuestra gesti\u00f3n estamos haciendo un seguimiento bastante cercano para que se pueda llegar a buen puerto con las instancias de investigaci\u00f3n que est\u00e1n en desarrollo, <\/strong>dijo la gobernadora.<strong>\u00a0<\/strong><\/p>\n<p>Primeras semanas en las que, adem\u00e1s de revisar meticulosamente los presupuestos y cada una de las iniciativas en desarrollo desde el Gobierno Regional, se est\u00e1 trabajando en la definici\u00f3n de los equipos inmediatos.<strong>\u00a0<\/strong><\/p>\n<p>Sobre este proceso, la autoridad agreg\u00f3 que<strong> \u201ctenemos una propuesta de trabajo que hoy es muy esperada por parte de la ciudadan\u00eda, por lo que estamos haciendo todos los esfuerzos para poder cumplir nuestro programa de gobierno, pese a las limitaciones a las que nos hemos visto enfrentado debido a como est\u00e1n hoy las leyes\u201d.<\/strong><strong>\u00a0<\/strong><\/p>\n<p>Un primer mes de gesti\u00f3n que se cumple tras una semana ajetreada debido a la votaci\u00f3n y aprobaci\u00f3n del proyecto minero-portuario Dominga por parte de la Comisi\u00f3n de Evaluaci\u00f3n Ambiental (COEVA). Instancia de la que los gobernadores regionales quedaron fuera tras pronunciamiento de Contralor\u00eda, lo que evidencia las limitaciones que est\u00e1n enfrentando las nuevas autoridades a lo largo del pa\u00eds para cumplir con sus funciones, acorde a las expectativas de la comunidad.<strong>\u00a0<\/strong><\/p>\n<p><strong>\u201cLa ley tiene muchos vac\u00edos legales, lo que hemos reclamado en un sinn\u00famero de veces al parlamento, al presidente y a las instancias respectivas, con el fin de poder incorporar nuestros petitorios e indicaciones a las leyes que hay en curso, como la ley corta y la ley de presupuesto. En definitiva, es fundamental que se nos integre de forma adecuada, para poder legitimar el proceso democr\u00e1tico que viene a cumplir cada una de las gobernaciones en sus regiones\u201d<\/strong> agreg\u00f3 la autoridad regional.<\/p>\n<p>&nbsp;<\/p>\n","protected":false},"excerpt":{"rendered":"<p>Como un mes \u201cintenso\u201d, calific\u00f3 la autoridad regional las primeras semanas de instalaci\u00f3n, en las que ha debido hacer frente a situaciones de continuidad y temas internos, derivados de las situaciones judiciales por las que atraviesa la instituci\u00f3n.<\/p>\n","protected":false},"author":2,"featured_media":5594,"comment_status":"open","ping_status":"open","sticky":false,"template":"","format":"standard","meta":{"footnotes":""},"categories":[6],"tags":[],"class_list":["post-5593","post","type-post","status-publish","format-standard","has-post-thumbnail","hentry","category-regionales"],"_links":{"self":[{"href":"https:\/\/www.radiolimari.cl\/index.php?rest_route=\/wp\/v2\/posts\/5593","targetHints":{"allow":["GET"]}}],"collection":[{"href":"https:\/\/www.radiolimari.cl\/index.php?rest_route=\/wp\/v2\/posts"}],"about":[{"href":"https:\/\/www.radiolimari.cl\/index.php?rest_route=\/wp\/v2\/types\/post"}],"author":[{"embeddable":true,"href":"https:\/\/www.radiolimari.cl\/index.php?rest_route=\/wp\/v2\/users\/2"}],"replies":[{"embeddable":true,"href":"https:\/\/www.radiolimari.cl\/index.php?rest_route=%2Fwp%2Fv2%2Fcomments&post=5593"}],"version-history":[{"count":1,"href":"https:\/\/www.radiolimari.cl\/index.php?rest_route=\/wp\/v2\/posts\/5593\/revisions"}],"predecessor-version":[{"id":5595,"href":"https:\/\/www.radiolimari.cl\/index.php?rest_route=\/wp\/v2\/posts\/5593\/revisions\/5595"}],"wp:featuredmedia":[{"embeddable":true,"href":"https:\/\/www.radiolimari.cl\/index.php?rest_route=\/wp\/v2\/media\/5594"}],"wp:attachment":[{"href":"https:\/\/www.radiolimari.cl\/index.php?rest_route=%2Fwp%2Fv2%2Fmedia&parent=5593"}],"wp:term":[{"taxonomy":"category","embeddable":true,"href":"https:\/\/www.radiolimari.cl\/index.php?rest_route=%2Fwp%2Fv2%2Fcategories&post=5593"},{"taxonomy":"post_tag","embeddable":true,"href":"https:\/\/www.radiolimari.cl\/index.php?rest_route=%2Fwp%2Fv2%2Ftags&post=5593"}],"curies":[{"name":"wp","href":"https:\/\/api.w.org\/{rel}","templated":true}]}}