{"id":5587,"date":"2021-08-13T17:54:34","date_gmt":"2021-08-13T17:54:34","guid":{"rendered":"http:\/\/www.radiolimari.cl\/?p=5587"},"modified":"2021-08-13T17:54:34","modified_gmt":"2021-08-13T17:54:34","slug":"coronavirus-region-lidera-trazabilidad-a-nivel-nacional-con-7-1-contactos-por-cada-caso-confirmado","status":"publish","type":"post","link":"https:\/\/www.radiolimari.cl\/?p=5587","title":{"rendered":"#CoronaVirus: Regi\u00f3n lidera trazabilidad a nivel nacional con 7.1 contactos por cada caso confirmado"},"content":{"rendered":"<p><a href=\"https:\/\/www.radiolimari.cl\/wp-content\/uploads\/2021\/08\/3.8-balance-salud1.jpeg\"><img fetchpriority=\"high\" decoding=\"async\" class=\"alignnone size-medium wp-image-5588\" src=\"https:\/\/www.radiolimari.cl\/wp-content\/uploads\/2021\/08\/3.8-balance-salud1-300x224.jpeg\" alt=\"3.8 balance salud\" width=\"300\" height=\"224\" srcset=\"https:\/\/www.radiolimari.cl\/wp-content\/uploads\/2021\/08\/3.8-balance-salud1-300x224.jpeg 300w, https:\/\/www.radiolimari.cl\/wp-content\/uploads\/2021\/08\/3.8-balance-salud1-1024x766.jpeg 1024w, https:\/\/www.radiolimari.cl\/wp-content\/uploads\/2021\/08\/3.8-balance-salud1.jpeg 1280w\" sizes=\"(max-width: 300px) 100vw, 300px\" \/><\/a><\/p>\n<p>Autoridades de salud entregaron un nuevo balance sanitario en relaci\u00f3n a la situaci\u00f3n regional del Coronavirus, destacando la labor del equipo de trazabilidad.<!--more--><\/p>\n<p>\u201cHoy me gustar\u00eda puntualizar en el importante trabajo que realizan nuestros 142 profesionales de Trazabilidad en la regi\u00f3n, que nuevamente ha sido reconocido a nivel nacional. Actualmente, nuestro equipo regional contacta a 7.1 personas por cada caso confirmado, lo cual es el mejor indicador de todo el pa\u00eds, manteniendo adem\u00e1s la trazabilidad de contactos nuevos por sobre el 98.5%\u201d, se\u00f1al\u00f3 el Seremi de Salud Alejandro Garc\u00eda Carre\u00f1o.<\/p>\n<p>En ese sentido, la autoridad sanitaria destac\u00f3 que, \u201cla labor de Trazabilidad es fundamental para localizar a casos positivos de Covid_19 y tambi\u00e9n a sus contactos estrechos, lo que permite r\u00e1pidamente trazar y aislar en forma oportuna, para evitar la propagaci\u00f3n del virus\u201d.<\/p>\n<p>Balance sanitario<\/p>\n<p>Para este 13 de agosto se anunciaron tres nuevos fallecidos a causa de Covid_19 a nivel regional, 1 de La Serena, 1 de Los Vilos y 1 de Monte Patria.<\/p>\n<p>En relaci\u00f3n al balance sanitario, para hoy se informaron, \u201c28 casos nuevos de Coronavirus, 14 de La Serena, 6 de Coquimbo, 4 de Andacollo, 2 de Illapel y 2 de Ovalle. Con esto, se contabilizan 48.020 casos acumulados, con 248 contagios activos\u201d, agreg\u00f3 la autoridad sanitaria.<\/p>\n<p>Por su parte, la estrategia de Residencias Sanitarias presenta una ocupaci\u00f3n actual de un 35% con 133 habitaciones disponibles, en los 5 recintos habilitados a nivel regional.<\/p>\n<p>BALANCE REGI\u00d3N DE COQUIMBO<br \/>\nViernes 13 de agosto del 2021<br \/>\n28 casos nuevos<br \/>\n48.020 casos acumulados<br \/>\n248 casos activos<br \/>\n969 fallecidos (3 nuevos, 1 de La Serena, 1 de Los Vilos y 1 de Monte Patria)<br \/>\nResidencias Sanitarias:35% de ocupaci\u00f3n<br \/>\nDetalle Casos Nuevos:<br \/>\n\u2022 14 de La Serena<br \/>\n\u2022 6 de Coquimbo<br \/>\n\u2022 4 de Andacollo<br \/>\n\u2022 2 de Illapel<br \/>\n\u2022 2 de Ovalle<\/p>\n<p>&nbsp;<\/p>\n","protected":false},"excerpt":{"rendered":"<p>Autoridades de salud entregaron un nuevo balance sanitario en relaci\u00f3n a la situaci\u00f3n regional del Coronavirus, destacando la labor del equipo de trazabilidad.<\/p>\n","protected":false},"author":2,"featured_media":5588,"comment_status":"open","ping_status":"open","sticky":false,"template":"","format":"standard","meta":{"footnotes":""},"categories":[3],"tags":[],"class_list":["post-5587","post","type-post","status-publish","format-standard","has-post-thumbnail","hentry","category-actualidad"],"_links":{"self":[{"href":"https:\/\/www.radiolimari.cl\/index.php?rest_route=\/wp\/v2\/posts\/5587","targetHints":{"allow":["GET"]}}],"collection":[{"href":"https:\/\/www.radiolimari.cl\/index.php?rest_route=\/wp\/v2\/posts"}],"about":[{"href":"https:\/\/www.radiolimari.cl\/index.php?rest_route=\/wp\/v2\/types\/post"}],"author":[{"embeddable":true,"href":"https:\/\/www.radiolimari.cl\/index.php?rest_route=\/wp\/v2\/users\/2"}],"replies":[{"embeddable":true,"href":"https:\/\/www.radiolimari.cl\/index.php?rest_route=%2Fwp%2Fv2%2Fcomments&post=5587"}],"version-history":[{"count":1,"href":"https:\/\/www.radiolimari.cl\/index.php?rest_route=\/wp\/v2\/posts\/5587\/revisions"}],"predecessor-version":[{"id":5589,"href":"https:\/\/www.radiolimari.cl\/index.php?rest_route=\/wp\/v2\/posts\/5587\/revisions\/5589"}],"wp:featuredmedia":[{"embeddable":true,"href":"https:\/\/www.radiolimari.cl\/index.php?rest_route=\/wp\/v2\/media\/5588"}],"wp:attachment":[{"href":"https:\/\/www.radiolimari.cl\/index.php?rest_route=%2Fwp%2Fv2%2Fmedia&parent=5587"}],"wp:term":[{"taxonomy":"category","embeddable":true,"href":"https:\/\/www.radiolimari.cl\/index.php?rest_route=%2Fwp%2Fv2%2Fcategories&post=5587"},{"taxonomy":"post_tag","embeddable":true,"href":"https:\/\/www.radiolimari.cl\/index.php?rest_route=%2Fwp%2Fv2%2Ftags&post=5587"}],"curies":[{"name":"wp","href":"https:\/\/api.w.org\/{rel}","templated":true}]}}