{"id":5584,"date":"2021-08-13T16:11:18","date_gmt":"2021-08-13T16:11:18","guid":{"rendered":"http:\/\/www.radiolimari.cl\/?p=5584"},"modified":"2021-08-13T16:11:18","modified_gmt":"2021-08-13T16:11:18","slug":"municipio-habilito-centro-de-camaras-de-televigilancia-en-ovalle","status":"publish","type":"post","link":"https:\/\/www.radiolimari.cl\/?p=5584","title":{"rendered":"Municipio habilit\u00f3 centro de c\u00e1maras de Televigilancia en Ovalle"},"content":{"rendered":"<p><a href=\"https:\/\/www.radiolimari.cl\/wp-content\/uploads\/2021\/08\/13.8-C\u00e1maras-de-Televigilancia-Ovalle-nuevas-dependencias.jpg\"><img fetchpriority=\"high\" decoding=\"async\" class=\"alignnone size-medium wp-image-5585\" src=\"https:\/\/www.radiolimari.cl\/wp-content\/uploads\/2021\/08\/13.8-C\u00e1maras-de-Televigilancia-Ovalle-nuevas-dependencias-300x200.jpg\" alt=\"13.8 C\u00e1maras de Televigilancia Ovalle nuevas dependencias\" width=\"300\" height=\"200\" srcset=\"https:\/\/www.radiolimari.cl\/wp-content\/uploads\/2021\/08\/13.8-C\u00e1maras-de-Televigilancia-Ovalle-nuevas-dependencias-300x200.jpg 300w, https:\/\/www.radiolimari.cl\/wp-content\/uploads\/2021\/08\/13.8-C\u00e1maras-de-Televigilancia-Ovalle-nuevas-dependencias-1024x682.jpg 1024w\" sizes=\"(max-width: 300px) 100vw, 300px\" \/><\/a><\/p>\n<p><strong><em>El nuevo sistema permite monitorear en toda su extensi\u00f3n la zona c\u00e9ntrica y algunos sectores poblacionales de Ovalle. La estaci\u00f3n cuenta con alrededor de 140 c\u00e1maras, las cuales funcionan las 24 horas del d\u00eda en coordinaci\u00f3n con la Central de Comunicaciones de la Tercera Comisar\u00eda de Carabineros.<\/em><\/strong><\/p>\n<p><!--more--><\/p>\n<p>La seguridad es una de las problem\u00e1ticas a nivel nacional y las autoridades a diario buscan estrategias para combatir la delincuencia y evitar hechos que afecten a la ciudadan\u00eda. En esta l\u00ednea, el municipio de Ovalle habilit\u00f3 un centro de c\u00e1maras de vigilancia, con el prop\u00f3sito de tener monitoreadas las calles y verificar ins\u00edtu cuando est\u00e1n sucediendo hechos delictuales y actuar de inmediato en coordinaci\u00f3n con Carabineros.<\/p>\n<p>Se trata de una estaci\u00f3n que cuenta con 140 c\u00e1maras de seguridad fijas y con visi\u00f3n 360 grados y adem\u00e1s algunas con altavoces, para informar a la comunidad sobre los cuidados que deben mantener con sus pertenencias en la v\u00eda p\u00fablica y tambi\u00e9n los que tienen relaci\u00f3n con la situaci\u00f3n sanitaria, como el uso de mascarilla y el distanciamiento social.<\/p>\n<p>Estos aparatos permiten visualizar durante las 24 horas del d\u00eda, gracias al trabajo de operadores y el apoyo de un funcionario policial, toda la extensi\u00f3n del sector c\u00e9ntrico de la capital limarina, que es la zona de mayor conflicto, debido a la alta circulaci\u00f3n de personas en el \u00e1rea comercial. Asimismo, en los \u00faltimos a\u00f1os se han instalado c\u00e1maras en las poblaciones Media Hacienda, Arizt\u00eda, Mirador III, Magallanes Moure, Jos\u00e9 Tom\u00e1s Ovalle, Servicio M\u00e9dico Legal, entre otras \u00e1reas.<\/p>\n<p>El alcalde Claudio Renter\u00eda, junto a los concejales Jonathan Acu\u00f1a y Fanny Vega, visit\u00f3 las nuevas dependencias que se encuentran en pleno centro de Ovalle e indic\u00f3 que \u201cestamos cumpliendo uno de los compromisos que hicimos con la comunidad, para entregarles seguridad a los vecinos, sobretodo en los puntos cr\u00edticos donde se han detectado mayor cantidad de hechos delictuales, de acuerdo al an\u00e1lisis que ha realizado Carabineros\u201d.<\/p>\n<p>En un comienzo \u201cs\u00f3lo se contaba con 8 c\u00e1maras de seguridad en el centro de Ovalle que eran operadas desde la Central de Comunicaciones de Carabineros, pero luego gracias a proyectos postulados por el municipio de Ovalle a la Subsecretar\u00eda de Prevenci\u00f3n del Delito se ampli\u00f3 este espectro a 32 c\u00e1maras. En la actualidad y gracias a recursos municipales existe una realidad distinta, puesto que el sistema cuenta con 140 c\u00e1maras y seis operadores, los cuales son apoyados por un funcionario de Carabineros de la Tercera Comisar\u00eda de Ovalle en jornada diurna y nocturna\u201d sostuvo la encargada de la Oficina de Seguridad P\u00fablica del municipio de Ovalle, Hortensia Flores. Asimismo, Flores agreg\u00f3 que este sistema de televigilancia sirve porque \u201cen ocasiones se producen choques u otras situaciones que logramos grabar y de esta forma apoyamos a v\u00edctimas de accidentes o robos, para que tengan la evidencia audiovisual para hacer su respectiva denuncia\u201d.<\/p>\n<p>Tras visitar la central, la concejala Fanny Vega mostr\u00f3 su satisfacci\u00f3n, puesto que es una iniciativa \u201cmuy loable, pues se implement\u00f3 en Ovalle y pr\u00f3ximamente tendremos el monitoreo de zonas rurales, como Sotaqui que es algo que los vecinos estaban pidiendo, al igual que el sistema de la Feria Modelo. Lo positivo es que posteriormente los vecinos podr\u00e1n conocer las instalaciones y este sistema de c\u00e1maras de televigilancia\u201d. Por su parte, el concejal Jonathan Acu\u00f1a se\u00f1al\u00f3 que es \u201cun tremendo avance a nivel comunal, el hecho de poder contar con estas c\u00e1maras que permiten darle un mayor grado de seguridad a las personas. Nosotros debemos fomentar el cuidado personal de la ciudadan\u00eda en sus propias poblaciones y contar con m\u00e1s c\u00e1maras nos permite ver qu\u00e9 est\u00e1 sucediendo en cada rinc\u00f3n de la comuna\u201d.<\/p>\n<p>El personal de Seguridad P\u00fablica del municipio local est\u00e1 trabajando en dos proyectos que ser\u00e1n presentados para su financiamiento y que de ser aprobados beneficiar\u00e1n a los sectores residenciales de El Portal, poblaci\u00f3n Fray Jorge y Villa Las Palmas. Adem\u00e1s, otra de las metas es la pr\u00f3xima implementaci\u00f3n de nuevas c\u00e1maras de Televigilancia de mayor resoluci\u00f3n en la Feria Modelo, para tener un monitoreo constante del recinto y de esta forma contribuir en la seguridad de los propietarios de locales comerciales\u201d.<\/p>\n<p>&nbsp;<\/p>\n<p>&nbsp;<\/p>\n","protected":false},"excerpt":{"rendered":"<p>El nuevo sistema permite monitorear en toda su extensi\u00f3n la zona c\u00e9ntrica y algunos sectores poblacionales de Ovalle. La estaci\u00f3n cuenta con alrededor de 140 c\u00e1maras, las cuales funcionan las 24 horas del d\u00eda en coordinaci\u00f3n con la Central de Comunicaciones de la Tercera Comisar\u00eda de Carabineros.<\/p>\n","protected":false},"author":2,"featured_media":5585,"comment_status":"open","ping_status":"open","sticky":false,"template":"","format":"standard","meta":{"footnotes":""},"categories":[6],"tags":[],"class_list":["post-5584","post","type-post","status-publish","format-standard","has-post-thumbnail","hentry","category-regionales"],"_links":{"self":[{"href":"https:\/\/www.radiolimari.cl\/index.php?rest_route=\/wp\/v2\/posts\/5584","targetHints":{"allow":["GET"]}}],"collection":[{"href":"https:\/\/www.radiolimari.cl\/index.php?rest_route=\/wp\/v2\/posts"}],"about":[{"href":"https:\/\/www.radiolimari.cl\/index.php?rest_route=\/wp\/v2\/types\/post"}],"author":[{"embeddable":true,"href":"https:\/\/www.radiolimari.cl\/index.php?rest_route=\/wp\/v2\/users\/2"}],"replies":[{"embeddable":true,"href":"https:\/\/www.radiolimari.cl\/index.php?rest_route=%2Fwp%2Fv2%2Fcomments&post=5584"}],"version-history":[{"count":1,"href":"https:\/\/www.radiolimari.cl\/index.php?rest_route=\/wp\/v2\/posts\/5584\/revisions"}],"predecessor-version":[{"id":5586,"href":"https:\/\/www.radiolimari.cl\/index.php?rest_route=\/wp\/v2\/posts\/5584\/revisions\/5586"}],"wp:featuredmedia":[{"embeddable":true,"href":"https:\/\/www.radiolimari.cl\/index.php?rest_route=\/wp\/v2\/media\/5585"}],"wp:attachment":[{"href":"https:\/\/www.radiolimari.cl\/index.php?rest_route=%2Fwp%2Fv2%2Fmedia&parent=5584"}],"wp:term":[{"taxonomy":"category","embeddable":true,"href":"https:\/\/www.radiolimari.cl\/index.php?rest_route=%2Fwp%2Fv2%2Fcategories&post=5584"},{"taxonomy":"post_tag","embeddable":true,"href":"https:\/\/www.radiolimari.cl\/index.php?rest_route=%2Fwp%2Fv2%2Ftags&post=5584"}],"curies":[{"name":"wp","href":"https:\/\/api.w.org\/{rel}","templated":true}]}}