{"id":5581,"date":"2021-08-13T15:31:01","date_gmt":"2021-08-13T15:31:01","guid":{"rendered":"http:\/\/www.radiolimari.cl\/?p=5581"},"modified":"2021-08-13T15:31:01","modified_gmt":"2021-08-13T15:31:01","slug":"con-obra-de-teatro-estudiantes-rescataran-historias-de-adultos-mayores-ovallinos","status":"publish","type":"post","link":"https:\/\/www.radiolimari.cl\/?p=5581","title":{"rendered":"CON OBRA DE TEATRO ESTUDIANTES RESCATAR\u00c1N HISTORIAS DE ADULTOS MAYORES OVALLINOS"},"content":{"rendered":"<p><a href=\"https:\/\/www.radiolimari.cl\/wp-content\/uploads\/2021\/08\/13.8-samto-tomasproyeto-obra-teatro-eleam-ovalle-744x465.jpg\"><img fetchpriority=\"high\" decoding=\"async\" class=\"alignnone size-medium wp-image-5582\" src=\"https:\/\/www.radiolimari.cl\/wp-content\/uploads\/2021\/08\/13.8-samto-tomasproyeto-obra-teatro-eleam-ovalle-744x465-300x187.jpg\" alt=\"13.8 samto tomasproyeto-obra-teatro-eleam-ovalle-744x465\" width=\"300\" height=\"187\" srcset=\"https:\/\/www.radiolimari.cl\/wp-content\/uploads\/2021\/08\/13.8-samto-tomasproyeto-obra-teatro-eleam-ovalle-744x465-300x187.jpg 300w, https:\/\/www.radiolimari.cl\/wp-content\/uploads\/2021\/08\/13.8-samto-tomasproyeto-obra-teatro-eleam-ovalle-744x465.jpg 744w\" sizes=\"(max-width: 300px) 100vw, 300px\" \/><\/a><\/p>\n<p><span style=\"color: #000000;\"><strong style=\"font-weight: bold;\">La iniciativa se desarrolla entre el establecimiento de larga estad\u00eda para adultos mayores \u201cMis mejores a\u00f1os\u201d y el IP-CFT Santo Tom\u00e1s con el prop\u00f3sito de mantener activos, f\u00edsica y sicol\u00f3gicamente, a los residentes y generar v\u00ednculos intergeneracionales.<\/strong><\/span><!--more--><\/p>\n<p>El distanciamiento f\u00edsico obligado, producto de la pandemia, ha afectado a la sociedad entera, pero sin duda uno de los grupos m\u00e1s perjudicados han sido los adultos mayores, sobre todo aquellos que son residentes de establecimientos de larga estad\u00eda, pues las visitas fueron restringidas al m\u00e1ximo, priv\u00e1ndolos, por su seguridad sanitaria, del contacto f\u00edsico con sus seres queridos.<\/p>\n<p>Frente a esta situaci\u00f3n, un grupo de\u00a0<strong style=\"font-weight: bold;\">estudiantes de la carrer<span style=\"color: #000000;\">a\u00a0<a style=\"color: #ff4c00; text-decoration: underline;\" href=\"https:\/\/www.cftsantotomas.cl\/carreras\/tecnico-en-enfermeria\/\"><span style=\"color: #000000;\">T\u00e9cnico en Enfermer\u00eda<\/span><\/a>\u00a0del\u00a0<a style=\"color: #ff4c00; text-decoration: underline;\" href=\"https:\/\/www.cftsantotomas.cl\/sedes-cft\/ovalle\" target=\"_blank\" rel=\"noopener noreferrer\"><span style=\"color: #000000;\">CFT Santo Tom\u00e1s Ovalle<\/span><\/a>,<\/span><\/strong><span style=\"color: #000000;\">\u00a0gen<\/span>eraron un proyecto que busca\u00a0<strong style=\"font-weight: bold;\">vincularse con los adultos mayores, para entregarles afecto, apoyo, pero sobre todo, satisfacer sus necesidades de comunicaci\u00f3n y de escucha<\/strong>, lo que se traducir\u00e1 en la producci\u00f3n de una obra de teatro que represente una historia o an\u00e9cdota narrada por alguno de los 16 residentes del\u00a0<strong style=\"font-weight: bold;\">Eleam \u201cMis mejores a\u00f1os\u201d.<\/strong><\/p>\n<p><strong style=\"font-weight: bold;\">Carolina Molina, directora de la carrera\u00a0<a style=\"color: #ff4c00;\" href=\"https:\/\/www.cftsantotomas.cl\/carreras\/tecnico-en-enfermeria\/\" target=\"_blank\" rel=\"noopener noreferrer\">T\u00e9cnico en Enfermer\u00eda, TENS<\/a><\/strong>, del establecimiento de educaci\u00f3n superior, detall\u00f3 el objetivo del proyecto, se\u00f1alando que la idea es \u201c<strong style=\"font-weight: bold;\">hacer con los adultos mayores,<\/strong>\u00a0que tengan capacidades cognitivas, tengan memoria y sean autovalentes mentalmente,\u00a0<strong style=\"font-weight: bold;\">entrevistas para rescatar historias y an\u00e9cdotas de su vida, elegir la mejor, y con esa historia elaborar una obra de teatro<\/strong>, en la que los adultos mayores sean los actores con acompa\u00f1amiento de los alumnos\u201d.<\/p>\n<p>Adem\u00e1s, la docente dijo que tambi\u00e9n se\u00a0<strong style=\"font-weight: bold;\">realizar\u00e1n actividades integrales para el resto de los adultos mayores<\/strong>\u00a0que no son autovalentes o independientes mentalmente, de manera que puedan activarlos e incluirlos.<\/p>\n<h2><strong style=\"font-weight: bold;\">Reviviendo emociones<\/strong><\/h2>\n<p>La principal motivaci\u00f3n que tuvieron las estudiantes que idearon el proyecto fue generar una instancia de comunicaci\u00f3n entre los adultos mayores y los futuros profesionales.<\/p>\n<p>Para\u00a0<strong style=\"font-weight: bold;\">Valeria Santib\u00e1\u00f1ez, estudiante de segundo a\u00f1o de TENS<\/strong>, \u201ces fundamental que los adultos mayores puedan desarrollar su parte sicol\u00f3gica, creo que como sociedad no nos fijamos en esas cosas y creo que podemos aportar con un granito de arena con esta iniciativa\u201d.<\/p>\n<p>Como parte de su formaci\u00f3n profesional, los estudiantes de T\u00e9cnico en Enfermer\u00eda tienen asignaturas sobre el cuidado de los adultos mayores y realizan actividades con ellos, las que producto de la pandemia fueron suspendidas. Por esto, Valeria dice que<strong style=\"font-weight: bold;\">\u00a0se sintieron en deuda y decidieron formular este proyecto para generar una instancia de comunicaci\u00f3n con ellos<\/strong>,\u00a0<strong style=\"font-weight: bold;\">que les d\u00e9 un sentido de pertenencia, ya que muchos se sienten olvidados<\/strong>.<\/p>\n<blockquote style=\"font-style: italic; color: #999999;\"><p><span style=\"color: #000000;\">\u201cLos adultos mayores tienen mucho que contar, queremos que se sientan incluidos y que son parte de la sociedad, independiente de que se encuentren en una casa de reposo, ellos tuvieron muchas vivencias y la idea es que a trav\u00e9s de las actividades que vamos a realizar \u00a0puedan volver vivir las emociones que tuvieron hace un tiempo\u201d, sostuvo Santib\u00e1\u00f1ez.<\/span><\/p><\/blockquote>\n<p>Otra\u00a0<strong style=\"font-weight: bold;\">alumna gestora de la iniciativa,<\/strong>\u00a0<strong style=\"font-weight: bold;\">Gabriela Villalobos,<\/strong>\u00a0coment\u00f3 que con esto quieren \u201c<strong style=\"font-weight: bold;\">rescatar las emociones de los adultos mayores,<\/strong>\u00a0<strong style=\"font-weight: bold;\">ellos se sienten solos, eso los lleva a tener depresiones, los desmotiva,<\/strong>\u00a0esto busca que se\u00a0<strong style=\"font-weight: bold;\">puedan expresar, sentir el afecto, amor y apoyo<\/strong>\u00a0que nosotras como TENS les podemos dar. Adem\u00e1s, que se puedan expresar por si solos, que cuenten sus historias, que\u00a0<strong style=\"font-weight: bold;\">puedan abrir sus sentimientos para mejorar su salud mental\u201d.<\/strong><\/p>\n<h2><strong style=\"font-weight: bold;\">Presentaci\u00f3n de obra de teatro<\/strong><\/h2>\n<p>El proyecto tiene una duraci\u00f3n de un semestre acad\u00e9mico y\u00a0<strong style=\"font-weight: bold;\">es financiado gracias a los\u00a0<a style=\"color: #ff4c00;\" href=\"http:\/\/www.daesantotomas.cl\/vida-estudiantil\/fondos-concursables\/\" target=\"_blank\" rel=\"noopener noreferrer\">fondos concursables para alumnos<\/a>\u00a0de la\u00a0<a style=\"color: #ff4c00;\" href=\"http:\/\/www.daesantotomas.cl\/\" target=\"_blank\" rel=\"noopener noreferrer\">Direcci\u00f3n de Asuntos Estudiantiles, DAE, de Santo Tom\u00e1s.<\/a><\/strong><\/p>\n<p>Seg\u00fan aclar\u00f3\u00a0<strong style=\"font-weight: bold;\">Carolina Molina<\/strong>, \u201c<strong style=\"font-weight: bold;\">el trabajo durar\u00e1 de agosto a diciembre, pretendemos exponer la obra a fines de noviembre o diciembre<\/strong>, porque hay un trabajo previo, hacer las entrevistas, elegir la historia, escribir la obra de teatro, realizar los ensayos y montar la obra de teatro\u201d.<\/p>\n<p>En tanto\u00a0<strong style=\"font-weight: bold;\">Gabriela Villalobos coment\u00f3 que se encuentran planificando constantemente la realizaci\u00f3n del proyecto, puesto que se deben considerar las cambiantes condiciones sanitarias.<\/strong><\/p>\n<blockquote style=\"font-style: italic; color: #999999;\"><p><span style=\"color: #000000;\">\u201cEstamos buscando instructores de teatro para que puedan trabajar en conjunto con nosotros y los adultos mayores, vamos a necesitar ayuda para armar la escenograf\u00eda, el audio, el vestuario. Nosotras somos las encargadas de postular y coordinar el proyecto, pero participar\u00e1n alumnos de primero y segundo a\u00f1o de la carrera, no solo en la parte log\u00edstica, sino que tambi\u00e9n para asistir a los adultos mayores que lo requieran, porque tienen una movilidad reducida\u201d, concluy\u00f3 Villalobos.<\/span><\/p><\/blockquote>\n","protected":false},"excerpt":{"rendered":"<p>La iniciativa se desarrolla entre el establecimiento de larga estad\u00eda para adultos mayores \u201cMis mejores a\u00f1os\u201d y el IP-CFT Santo Tom\u00e1s con el prop\u00f3sito de mantener activos, f\u00edsica y sicol\u00f3gicamente, a los residentes y generar v\u00ednculos intergeneracionales.<\/p>\n","protected":false},"author":2,"featured_media":5582,"comment_status":"open","ping_status":"open","sticky":false,"template":"","format":"standard","meta":{"footnotes":""},"categories":[3],"tags":[],"class_list":["post-5581","post","type-post","status-publish","format-standard","has-post-thumbnail","hentry","category-actualidad"],"_links":{"self":[{"href":"https:\/\/www.radiolimari.cl\/index.php?rest_route=\/wp\/v2\/posts\/5581","targetHints":{"allow":["GET"]}}],"collection":[{"href":"https:\/\/www.radiolimari.cl\/index.php?rest_route=\/wp\/v2\/posts"}],"about":[{"href":"https:\/\/www.radiolimari.cl\/index.php?rest_route=\/wp\/v2\/types\/post"}],"author":[{"embeddable":true,"href":"https:\/\/www.radiolimari.cl\/index.php?rest_route=\/wp\/v2\/users\/2"}],"replies":[{"embeddable":true,"href":"https:\/\/www.radiolimari.cl\/index.php?rest_route=%2Fwp%2Fv2%2Fcomments&post=5581"}],"version-history":[{"count":1,"href":"https:\/\/www.radiolimari.cl\/index.php?rest_route=\/wp\/v2\/posts\/5581\/revisions"}],"predecessor-version":[{"id":5583,"href":"https:\/\/www.radiolimari.cl\/index.php?rest_route=\/wp\/v2\/posts\/5581\/revisions\/5583"}],"wp:featuredmedia":[{"embeddable":true,"href":"https:\/\/www.radiolimari.cl\/index.php?rest_route=\/wp\/v2\/media\/5582"}],"wp:attachment":[{"href":"https:\/\/www.radiolimari.cl\/index.php?rest_route=%2Fwp%2Fv2%2Fmedia&parent=5581"}],"wp:term":[{"taxonomy":"category","embeddable":true,"href":"https:\/\/www.radiolimari.cl\/index.php?rest_route=%2Fwp%2Fv2%2Fcategories&post=5581"},{"taxonomy":"post_tag","embeddable":true,"href":"https:\/\/www.radiolimari.cl\/index.php?rest_route=%2Fwp%2Fv2%2Ftags&post=5581"}],"curies":[{"name":"wp","href":"https:\/\/api.w.org\/{rel}","templated":true}]}}