{"id":5578,"date":"2021-08-13T15:11:57","date_gmt":"2021-08-13T15:11:57","guid":{"rendered":"http:\/\/www.radiolimari.cl\/?p=5578"},"modified":"2021-08-13T15:11:57","modified_gmt":"2021-08-13T15:11:57","slug":"se-iniciaron-las-obras-de-pavimentacion-del-ultimo-tramo-del-camino-desde-el-sector-de-manquehua-hasta-punitaqui-incluyendo-la-cuesta-los-mantos","status":"publish","type":"post","link":"https:\/\/www.radiolimari.cl\/?p=5578","title":{"rendered":"Se iniciaron  las obras de pavimentaci\u00f3n del \u00faltimo tramo del camino, desde el sector de Manquehua hasta Punitaqui, incluyendo la cuesta Los Mantos."},"content":{"rendered":"<p><a href=\"https:\/\/www.radiolimari.cl\/wp-content\/uploads\/2021\/08\/12.8-gobierno.jpg\"><img fetchpriority=\"high\" decoding=\"async\" class=\"alignnone size-medium wp-image-5579\" src=\"https:\/\/www.radiolimari.cl\/wp-content\/uploads\/2021\/08\/12.8-gobierno-300x168.jpg\" alt=\"12.8 gobierno\" width=\"300\" height=\"168\" srcset=\"https:\/\/www.radiolimari.cl\/wp-content\/uploads\/2021\/08\/12.8-gobierno-300x168.jpg 300w, https:\/\/www.radiolimari.cl\/wp-content\/uploads\/2021\/08\/12.8-gobierno.jpg 1024w\" sizes=\"(max-width: 300px) 100vw, 300px\" \/><\/a><\/p>\n<p><strong>Ruta que une Combarbal\u00e1 y Punitaqui potenciar\u00e1 el desarrollo de localidades interiores de la regi\u00f3n<\/strong><!--more--><\/p>\n<p>La ruta D-605, que conecta las comunas de Punitaqui y Combarbal\u00e1 es una v\u00eda de gran tr\u00e1nsito hacia el interior y el sur de la Provincia del Limar\u00ed, y tambi\u00e9n hacia la Provincia del Choapa.<\/p>\n<p>Un camino de 67 kil\u00f3metros que atraviesa diversos poblados y que pronto se convertir\u00e1 en una ruta de alto est\u00e1ndar.<\/p>\n<p>Y es que el Gobierno inici\u00f3 las obras de pavimentaci\u00f3n del \u00faltimo tramo de esta arteria, dejando atr\u00e1s los a\u00f1os de polvaredas e inseguridad vial.<\/p>\n<p><strong>\u00abEsto viene del a\u00f1o 2008. Son sue\u00f1os que se est\u00e1n cumpliendo. Hubo muchas personas esperando esta carretera que nos va a unir con los otros pueblos\u00bb<\/strong>, sostuvo Nora V\u00e1squez, Presidenta de la Junta de Vecinos de Manquehua, en Combarbal\u00e1.<\/p>\n<p>Por su parte, Erasmo Cort\u00e9s, Delegado del Pueblo de Media Luna, agreg\u00f3 que <strong>\u201cesto en la parte econ\u00f3mica es muy bueno. Pasar\u00e1n m\u00e1s veh\u00edculos y podremos poner negocios y que llegue m\u00e1s gente. Y es importante porque dar\u00e1 seguridad a esta ruta\u201d<\/strong>.<\/p>\n<p>Son m\u00e1s de 11 mil millones de pesos de inversi\u00f3n que destin\u00f3 el Gobierno, a trav\u00e9s del Ministerio de Obras P\u00fablicas, en una ruta que abrir\u00e1 una oportunidad de desarrollo para las localidades interiores de la regi\u00f3n.<\/p>\n<p>En este sentido, el Delegado Presidencial Regional de Coquimbo, Pablo Herman, dijo que <strong>\u00abesto es parte de nuestros Plan de Reactivaci\u00f3n Econ\u00f3mica, sobre todo en comunas afectadas por la sequ\u00eda que han registrado altos niveles de cesant\u00eda. Estas localidades necesitan de estos proyectos, porque la conectividad trae oportunidades. Ser\u00e1 una ruta alternativa para reactivar la econom\u00eda de las familias y que se dieron tras un largo trabajo en conjunto con ellos\u00bb<\/strong>.<\/p>\n<p>Este tramo, espec\u00edficamente, comprende poco m\u00e1s de 16 kil\u00f3metros, incluyendo todo el tramo de la Cuesta Los Mantos, proyectando una nueva alternativa a la ruta 5, por el interior de la regi\u00f3n.<\/p>\n<p><strong>\u201cEste proyecto viene a resolver un mejoramiento en esa cuesta que es el sector m\u00e1s complejo. Ac\u00e1 la conectividad es vital para ambas comunas y ahora estamos terminando lo \u00faltimo que nos faltaba y cumplir un compromiso que asumimos con la comunidad\u00bb<\/strong>, acot\u00f3 el Seremi de Obras P\u00fablicas, Pedro Rojas.<\/p>\n<p>Por este camino transitan a diario decenas de camiones de alto tonelaje, propio de las actividades mineras y agr\u00edcolas de sectores como Manquehua o Media Luna, por lo que la pavimentaci\u00f3n considera mejores elementos de construcci\u00f3n y seguridad.<\/p>\n<p>El Alcalde de Combarbal\u00e1, Pedro Castillo, destac\u00f3 que <strong>\u00abesto es un paso muy relevante, con grandes desaf\u00edos, como es la intervenci\u00f3n de la cuesta Los Mantos, pero tenemos la certeza que podemos seguir avanzando para que la obra se concrete y entregue dignidad y conectividad a los vecinos, entregando una nueva ruta para la regi\u00f3n\u00bb<\/strong>.<\/p>\n<p>Las obras se est\u00e1n ejecutando en 4 partes. Hoy registra un 5% de avance y proyectan la materializaci\u00f3n de 2 puentes, uno en El Huilmo y otro en Los Mantos.<\/p>\n<p>Trabajos que han requerido mayormente de\u00a0 mano de obra local, contratando a 150 personas en estos primeros d\u00edas de faenas.<\/p>\n","protected":false},"excerpt":{"rendered":"<p>Ruta que une Combarbal\u00e1 y Punitaqui potenciar\u00e1 el desarrollo de localidades interiores de la regi\u00f3n<\/p>\n","protected":false},"author":2,"featured_media":5579,"comment_status":"open","ping_status":"open","sticky":false,"template":"","format":"standard","meta":{"footnotes":""},"categories":[5],"tags":[],"class_list":["post-5578","post","type-post","status-publish","format-standard","has-post-thumbnail","hentry","category-actualidad-limarina"],"_links":{"self":[{"href":"https:\/\/www.radiolimari.cl\/index.php?rest_route=\/wp\/v2\/posts\/5578","targetHints":{"allow":["GET"]}}],"collection":[{"href":"https:\/\/www.radiolimari.cl\/index.php?rest_route=\/wp\/v2\/posts"}],"about":[{"href":"https:\/\/www.radiolimari.cl\/index.php?rest_route=\/wp\/v2\/types\/post"}],"author":[{"embeddable":true,"href":"https:\/\/www.radiolimari.cl\/index.php?rest_route=\/wp\/v2\/users\/2"}],"replies":[{"embeddable":true,"href":"https:\/\/www.radiolimari.cl\/index.php?rest_route=%2Fwp%2Fv2%2Fcomments&post=5578"}],"version-history":[{"count":1,"href":"https:\/\/www.radiolimari.cl\/index.php?rest_route=\/wp\/v2\/posts\/5578\/revisions"}],"predecessor-version":[{"id":5580,"href":"https:\/\/www.radiolimari.cl\/index.php?rest_route=\/wp\/v2\/posts\/5578\/revisions\/5580"}],"wp:featuredmedia":[{"embeddable":true,"href":"https:\/\/www.radiolimari.cl\/index.php?rest_route=\/wp\/v2\/media\/5579"}],"wp:attachment":[{"href":"https:\/\/www.radiolimari.cl\/index.php?rest_route=%2Fwp%2Fv2%2Fmedia&parent=5578"}],"wp:term":[{"taxonomy":"category","embeddable":true,"href":"https:\/\/www.radiolimari.cl\/index.php?rest_route=%2Fwp%2Fv2%2Fcategories&post=5578"},{"taxonomy":"post_tag","embeddable":true,"href":"https:\/\/www.radiolimari.cl\/index.php?rest_route=%2Fwp%2Fv2%2Ftags&post=5578"}],"curies":[{"name":"wp","href":"https:\/\/api.w.org\/{rel}","templated":true}]}}