{"id":5575,"date":"2021-08-13T14:36:30","date_gmt":"2021-08-13T14:36:30","guid":{"rendered":"http:\/\/www.radiolimari.cl\/?p=5575"},"modified":"2021-08-13T14:36:30","modified_gmt":"2021-08-13T14:36:30","slug":"jueza-de-ovalle-encabezo-exhumacion-en-cementerio-de-monte-patria","status":"publish","type":"post","link":"https:\/\/www.radiolimari.cl\/?p=5575","title":{"rendered":"Jueza de Ovalle encabez\u00f3 exhumaci\u00f3n en cementerio de Monte Patria"},"content":{"rendered":"<p><a href=\"https:\/\/www.radiolimari.cl\/wp-content\/uploads\/2021\/08\/13.8-exumacion-monte-patria.jpeg\"><img fetchpriority=\"high\" decoding=\"async\" class=\"alignnone size-medium wp-image-5576\" src=\"https:\/\/www.radiolimari.cl\/wp-content\/uploads\/2021\/08\/13.8-exumacion-monte-patria-300x168.jpeg\" alt=\"13.8 exumacion monte patria\" width=\"300\" height=\"168\" srcset=\"https:\/\/www.radiolimari.cl\/wp-content\/uploads\/2021\/08\/13.8-exumacion-monte-patria-300x168.jpeg 300w, https:\/\/www.radiolimari.cl\/wp-content\/uploads\/2021\/08\/13.8-exumacion-monte-patria-1024x576.jpeg 1024w, https:\/\/www.radiolimari.cl\/wp-content\/uploads\/2021\/08\/13.8-exumacion-monte-patria.jpeg 1600w\" sizes=\"(max-width: 300px) 100vw, 300px\" \/><\/a><\/p>\n<p>La jueza del Primer Juzgado de Letras de Ovalle Mar\u00eda Alejandra R\u00edos Teillier dirigi\u00f3 en el cementerio de Monte Patria, la exhumaci\u00f3n del cuerpo del menor Rodrigo V\u00e9liz Cort\u00e9s, v\u00edctima eventual del delito de sustracci\u00f3n de menores, denunciado por su madre, Lucy Cort\u00e9s. Il\u00edcito que habr\u00eda sido perpetrado en noviembre de 1979.<!--more--><\/p>\n<p>Diligencia (causa rol 2-2020) que no arroj\u00f3 resultados positivos, al hallarse en el nicho solo los restos del abuelo del menor.<\/p>\n<p>\u201cSe trata de la exhumaci\u00f3n de los restos mortales de Rodrigo V\u00e9liz y el resultado de esta fue negativa en el sentido que se abri\u00f3 el nicho donde se supon\u00eda que estaban los restos de Rodrigo junto a su abuelo, pero no se encontraron los restos de Rodrigo, solo los de su abuelo Honorio V\u00e9liz\u201d, inform\u00f3 la magistrada.<\/p>\n<p>La exhumaci\u00f3n, ordenada por el ministro en visita extraordinaria para causas por violaciones a los derechos humanos de la Corte de Apelaciones de La Serena Vicente Hormaz\u00e1bal Abarz\u00faa, buscaba esclarecer la denuncia formulada por la madre del menor, quien asegur\u00f3 en la declaraci\u00f3n judicial que: \u201c(\u2026) inmediatamente despu\u00e9s del parto, las enfermeras se lo llevaron hacia otra sala del Hospital, no me lo entregaron para que yo pudiera verlo o amamantarlo. Luego de eso, yo preguntaba por qu\u00e9 no me pasaban a mi hijo, me dijeron que \u00e9l hab\u00eda nacido asfixiado y que estaba en una c\u00e1mara de ox\u00edgeno, situaci\u00f3n que desde ya me pareci\u00f3 muy rara ya que cuando las guaguas nacen asfixiadas no lloran al nacer, situaci\u00f3n muy distinta a lo que ocurri\u00f3 con mi hijo ya que me part\u00eda el alma o\u00edr sus fuertes llantos. Despu\u00e9s, al segundo d\u00eda, me indicaron que mi hijo estaba con bronconeumon\u00eda, me dieron el alta y me indicaron que \u00e9l hab\u00eda fallecido producto de dicha patolog\u00eda. Yo les ped\u00ed que me lo llevaran, pues no me importaba que \u00e9l estuviera muerto, solo quer\u00eda verlo; sin embargo, me indicaron que no pod\u00edan llev\u00e1rmelo porque su cuerpo estaba en la morgue\u201d.<\/p>\n<p>En tanto, el ministro a cargo de la causa, sostuvo que: \u201cHace algunos a\u00f1os atr\u00e1s me llegaron varias querellas por sustracci\u00f3n de menores tanto en La Serena, como Ovalle y otras partes o comunas de norte. Una de esas era de este menor, Rodrigo V\u00e9liz, que naci\u00f3 el 8 de noviembre de 1975 y falleci\u00f3 dos d\u00edas despu\u00e9s en el hospital de Ovalle. La madre piensa que le pudieron haber cambiado a su hijo, haberle entregado otros restos y la idea era realizar la exhumaci\u00f3n en el cementerio de Monte Patria\u201d.<\/p>\n<p>\u201cPara ello concurri\u00f3 la jueza Mar\u00eda Alejandra Rojas Teillier pero lamentablemente no se hallaron los restos. Los parientes dicen que luego de algunos terremotos en la zona se habr\u00edan sacado los restos porque al parecer hubo un derrumbe y fueron trasladados a una sepultura temporal y despu\u00e9s lo habr\u00edan devuelto a uno de los nichos, pero por lo menos el que abrieron ese d\u00eda los funcionarios del Servicio M\u00e9dico Legal no encontraron los restos del menor\u201d, agreg\u00f3 el ministro.<\/p>\n<p>&nbsp;<\/p>\n<p>\u201cTambi\u00e9n es posible que los restos se puedan haber hecho polvo, porque son los restos de un reci\u00e9n nacido, pero ser\u00eda extra\u00f1o porque al menos debi\u00f3 haber estado los restos del ata\u00fad que se utiliz\u00f3 para sepultarlo. Se me informa tambi\u00e9n que alrededor del nicho que abrieron hay varios de otros parientes, entonces se puede ordenar que se abran esos nichos para cotejar si est\u00e1n ah\u00ed los restos del menor, pero esta acci\u00f3n depende de las peticiones que hagan los padres, porque es una invasi\u00f3n y no es llegar y disponerlo\u201d, advirti\u00f3 Hormaz\u00e1bal.<\/p>\n<p>&nbsp;<\/p>\n","protected":false},"excerpt":{"rendered":"<p>La jueza del Primer Juzgado de Letras de Ovalle Mar\u00eda Alejandra R\u00edos Teillier dirigi\u00f3 en el cementerio de Monte Patria, la exhumaci\u00f3n del cuerpo del menor Rodrigo V\u00e9liz Cort\u00e9s, v\u00edctima eventual del delito de sustracci\u00f3n de menores, denunciado por su madre, Lucy Cort\u00e9s. Il\u00edcito que habr\u00eda sido perpetrado en noviembre de 1979.<\/p>\n","protected":false},"author":2,"featured_media":5576,"comment_status":"open","ping_status":"open","sticky":false,"template":"","format":"standard","meta":{"footnotes":""},"categories":[3],"tags":[],"class_list":["post-5575","post","type-post","status-publish","format-standard","has-post-thumbnail","hentry","category-actualidad"],"_links":{"self":[{"href":"https:\/\/www.radiolimari.cl\/index.php?rest_route=\/wp\/v2\/posts\/5575","targetHints":{"allow":["GET"]}}],"collection":[{"href":"https:\/\/www.radiolimari.cl\/index.php?rest_route=\/wp\/v2\/posts"}],"about":[{"href":"https:\/\/www.radiolimari.cl\/index.php?rest_route=\/wp\/v2\/types\/post"}],"author":[{"embeddable":true,"href":"https:\/\/www.radiolimari.cl\/index.php?rest_route=\/wp\/v2\/users\/2"}],"replies":[{"embeddable":true,"href":"https:\/\/www.radiolimari.cl\/index.php?rest_route=%2Fwp%2Fv2%2Fcomments&post=5575"}],"version-history":[{"count":1,"href":"https:\/\/www.radiolimari.cl\/index.php?rest_route=\/wp\/v2\/posts\/5575\/revisions"}],"predecessor-version":[{"id":5577,"href":"https:\/\/www.radiolimari.cl\/index.php?rest_route=\/wp\/v2\/posts\/5575\/revisions\/5577"}],"wp:featuredmedia":[{"embeddable":true,"href":"https:\/\/www.radiolimari.cl\/index.php?rest_route=\/wp\/v2\/media\/5576"}],"wp:attachment":[{"href":"https:\/\/www.radiolimari.cl\/index.php?rest_route=%2Fwp%2Fv2%2Fmedia&parent=5575"}],"wp:term":[{"taxonomy":"category","embeddable":true,"href":"https:\/\/www.radiolimari.cl\/index.php?rest_route=%2Fwp%2Fv2%2Fcategories&post=5575"},{"taxonomy":"post_tag","embeddable":true,"href":"https:\/\/www.radiolimari.cl\/index.php?rest_route=%2Fwp%2Fv2%2Ftags&post=5575"}],"curies":[{"name":"wp","href":"https:\/\/api.w.org\/{rel}","templated":true}]}}