{"id":5572,"date":"2021-08-11T19:37:43","date_gmt":"2021-08-11T19:37:43","guid":{"rendered":"http:\/\/www.radiolimari.cl\/?p=5572"},"modified":"2021-08-11T19:37:43","modified_gmt":"2021-08-11T19:37:43","slug":"confirman-primer-caso-de-la-variante-delta-asociado-a-la-region-de-coquimbo","status":"publish","type":"post","link":"https:\/\/www.radiolimari.cl\/?p=5572","title":{"rendered":"Confirman primer caso de la variante Delta asociado a la Regi\u00f3n de Coquimbo"},"content":{"rendered":"<p><a href=\"https:\/\/www.radiolimari.cl\/wp-content\/uploads\/2021\/08\/11.8-salud.jpeg\"><img fetchpriority=\"high\" decoding=\"async\" class=\"alignnone size-medium wp-image-5573\" src=\"https:\/\/www.radiolimari.cl\/wp-content\/uploads\/2021\/08\/11.8-salud-300x225.jpeg\" alt=\"11.8 salud\" width=\"300\" height=\"225\" srcset=\"https:\/\/www.radiolimari.cl\/wp-content\/uploads\/2021\/08\/11.8-salud-300x225.jpeg 300w, https:\/\/www.radiolimari.cl\/wp-content\/uploads\/2021\/08\/11.8-salud-1024x768.jpeg 1024w, https:\/\/www.radiolimari.cl\/wp-content\/uploads\/2021\/08\/11.8-salud.jpeg 1280w\" sizes=\"(max-width: 300px) 100vw, 300px\" \/><\/a><\/p>\n<p>Autoridades de salud entregaron un nuevo balance sanitario en relaci\u00f3n a la situaci\u00f3n regional del Coronavirus, informando sobre el primer caso de la variante Delta asociado a la regi\u00f3n.<!--more--><\/p>\n<p>\u201cHoy se confirma el primer caso de Covid positivo con variante Delta asociado a la regi\u00f3n de Coquimbo. Se trata de un paciente proveniente del extranjero con residencia en nuestra regi\u00f3n, quien realiz\u00f3 su cuarentena de forma completa en una Residencia Sanitaria de la Regi\u00f3n Metropolitana y ya se encuentra de alta\u201d, se\u00f1al\u00f3 el Seremi de Salud Alejandro Garc\u00eda Carre\u00f1o.<\/p>\n<p>\u201cSeguimos con la vigilancia epidemiol\u00f3gica de todos los viajeros que provienen del extranjero y que habitan en nuestra regi\u00f3n. El llamado es a extremar las medidas preventivas como el uso de la mascarilla, el frecuente lavado de manos, el distanciamiento f\u00edsico y la ventilaci\u00f3n de espacios cerrados. La pandemia no ha finalizado y entre todos debemos seguir cuid\u00e1ndonos y evitar la propagaci\u00f3n del virus\u201d, agreg\u00f3 la autoridad sanitaria.<\/p>\n<p><strong>Balance sanitario<\/strong><\/p>\n<p>En relaci\u00f3n al balance sanitario, para hoy se informaron \u201c19 casos nuevos de Coronavirus, 6 de La Serena, 7 de Coquimbo, 2 de Vicu\u00f1a, 1 de Salamanca, 1 de Ovalle, 1 de otra regi\u00f3n y 1 sin notificaci\u00f3n. Con esto, se contabilizan 47.958 casos acumulados, con 211 contagios activos\u201d, agreg\u00f3 la autoridad sanitaria.<\/p>\n<p>Por su parte, la estrategia de Residencias Sanitarias presenta una ocupaci\u00f3n actual de un 32% con 138 habitaciones disponibles, en los 5 recintos habilitados a nivel regional.<\/p>\n<p><strong>\u00a0<\/strong><\/p>\n<p><strong>BALANCE REGI\u00d3N DE COQUIMBO<\/strong><\/p>\n<p>Mi\u00e9rcoles 11 de agosto del 2021<\/p>\n<p>19 casos nuevos<\/p>\n<p>47.958 casos acumulados<\/p>\n<p>211 casos activos<\/p>\n<p>964 fallecidos<\/p>\n<p>Residencias Sanitarias:32% de ocupaci\u00f3n<\/p>\n<p>Detalle Casos Nuevos:<\/p>\n<ul>\n<li>06 de La Serena<\/li>\n<li>07 de Coquimbo<\/li>\n<li>02 de Vicu\u00f1a<\/li>\n<li>01 de Salamanca<\/li>\n<li>01 de Ovalle<\/li>\n<li>01 de otra regi\u00f3n<\/li>\n<li>01 sin notificar<\/li>\n<\/ul>\n<p><strong>\u00a0<\/strong><\/p>\n<p>&nbsp;<\/p>\n","protected":false},"excerpt":{"rendered":"<p>Autoridades de salud entregaron un nuevo balance sanitario en relaci\u00f3n a la situaci\u00f3n regional del Coronavirus, informando sobre el primer caso de la variante Delta asociado a la regi\u00f3n.<\/p>\n","protected":false},"author":2,"featured_media":5573,"comment_status":"open","ping_status":"open","sticky":false,"template":"","format":"standard","meta":{"footnotes":""},"categories":[3],"tags":[],"class_list":["post-5572","post","type-post","status-publish","format-standard","has-post-thumbnail","hentry","category-actualidad"],"_links":{"self":[{"href":"https:\/\/www.radiolimari.cl\/index.php?rest_route=\/wp\/v2\/posts\/5572","targetHints":{"allow":["GET"]}}],"collection":[{"href":"https:\/\/www.radiolimari.cl\/index.php?rest_route=\/wp\/v2\/posts"}],"about":[{"href":"https:\/\/www.radiolimari.cl\/index.php?rest_route=\/wp\/v2\/types\/post"}],"author":[{"embeddable":true,"href":"https:\/\/www.radiolimari.cl\/index.php?rest_route=\/wp\/v2\/users\/2"}],"replies":[{"embeddable":true,"href":"https:\/\/www.radiolimari.cl\/index.php?rest_route=%2Fwp%2Fv2%2Fcomments&post=5572"}],"version-history":[{"count":1,"href":"https:\/\/www.radiolimari.cl\/index.php?rest_route=\/wp\/v2\/posts\/5572\/revisions"}],"predecessor-version":[{"id":5574,"href":"https:\/\/www.radiolimari.cl\/index.php?rest_route=\/wp\/v2\/posts\/5572\/revisions\/5574"}],"wp:featuredmedia":[{"embeddable":true,"href":"https:\/\/www.radiolimari.cl\/index.php?rest_route=\/wp\/v2\/media\/5573"}],"wp:attachment":[{"href":"https:\/\/www.radiolimari.cl\/index.php?rest_route=%2Fwp%2Fv2%2Fmedia&parent=5572"}],"wp:term":[{"taxonomy":"category","embeddable":true,"href":"https:\/\/www.radiolimari.cl\/index.php?rest_route=%2Fwp%2Fv2%2Fcategories&post=5572"},{"taxonomy":"post_tag","embeddable":true,"href":"https:\/\/www.radiolimari.cl\/index.php?rest_route=%2Fwp%2Fv2%2Ftags&post=5572"}],"curies":[{"name":"wp","href":"https:\/\/api.w.org\/{rel}","templated":true}]}}