{"id":5569,"date":"2021-08-11T17:37:47","date_gmt":"2021-08-11T17:37:47","guid":{"rendered":"http:\/\/www.radiolimari.cl\/?p=5569"},"modified":"2021-08-11T17:37:47","modified_gmt":"2021-08-11T17:37:47","slug":"municipio-de-ovalle-abre-fondos-concursables-para-organizaciones-comunitarias-de-la-comuna","status":"publish","type":"post","link":"https:\/\/www.radiolimari.cl\/?p=5569","title":{"rendered":"Municipio de Ovalle abre Fondos Concursables para organizaciones comunitarias de la comuna"},"content":{"rendered":"<p><a href=\"https:\/\/www.radiolimari.cl\/wp-content\/uploads\/2021\/08\/11.8-ovalle-Fondo-de-Desarrollo-Vecinal-2021.jpg\"><img fetchpriority=\"high\" decoding=\"async\" class=\"alignnone size-medium wp-image-5570\" src=\"https:\/\/www.radiolimari.cl\/wp-content\/uploads\/2021\/08\/11.8-ovalle-Fondo-de-Desarrollo-Vecinal-2021-300x200.jpg\" alt=\"11.8 ovalle Fondo de Desarrollo Vecinal 2021\" width=\"300\" height=\"200\" srcset=\"https:\/\/www.radiolimari.cl\/wp-content\/uploads\/2021\/08\/11.8-ovalle-Fondo-de-Desarrollo-Vecinal-2021-300x200.jpg 300w, https:\/\/www.radiolimari.cl\/wp-content\/uploads\/2021\/08\/11.8-ovalle-Fondo-de-Desarrollo-Vecinal-2021-1024x683.jpg 1024w\" sizes=\"(max-width: 300px) 100vw, 300px\" \/><\/a><\/p>\n<p><strong><em>El\u00a0 viernes 13 de agosto se realizar\u00e1 la apertura de los procesos de postulaci\u00f3n al Fondo de Desarrollo Vecinal (FONDEVE) y del Fondo de Organizaciones Funcionales y Asociaciones de Inter\u00e9s P\u00fablico, los cuales pondr\u00e1n a disposici\u00f3n 80 millones y 45 millones respectivamente. Este beneficio del municipio permite que las instituciones postulen a un m\u00e1ximo de 500 mil pesos.<\/em><\/strong><\/p>\n<p><!--more--><\/p>\n<p>El viernes 13 de agosto se iniciar\u00e1 el proceso de postulaci\u00f3n a los Fondos Concursables que pone a disposici\u00f3n el municipio de Ovalle para las organizaciones sociales locales y asociaciones sin fines de lucro, para este a\u00f1o.<\/p>\n<p>Se trata del Fondo de Desarrollo Vecinal (FONDEVE), dirigido este a\u00f1o exclusivamente a las juntas de vecinos, y del Fondo de Organizaciones Funcionales y Asociaciones de Inter\u00e9s P\u00fablico, dirigido a instituciones como clubes de adultos mayores, deportivos, centros de madres, juveniles, de discapacidad, culturales, comit\u00e9s y agrupaciones en general que cuenten\u00a0 con personer\u00eda jur\u00eddica y directiva vigente al momento de postular.<\/p>\n<p>Cabe se\u00f1alar que en el a\u00f1o 2020 y \u201cpor motivos de la pandemia, este fondo concursable no se realiz\u00f3, pero este a\u00f1o el municipio ha dispuesto de un incremento presupuestario, pasando de un total de 60 a 80 millones de pesos como fondo disponible a repartir entre los proyectos que sean priorizados, de acuerdo a criterios de admisibilidad y evaluaci\u00f3n t\u00e9cnica\u201d sostuvo el alcalde de Ovalle, Claudio Renter\u00eda.<\/p>\n<p>Las l\u00edneas de financiamiento del presente llamado son Fortalecimiento de la Gesti\u00f3n, Equipamiento Comunitario e Infraestructura Comunitaria, y cada iniciativa podr\u00e1 postular a un monto m\u00e1ximo de 500 mil pesos.<\/p>\n<p>El proceso de postulaci\u00f3n de ambos fondos se realizar\u00e1 este a\u00f1o de manera simult\u00e1nea y con un formulario \u00fanico de postulaci\u00f3n. Asimismo, las bases del concurso y los formularios que contienen los requisitos a cumplir, se podr\u00e1n descargar desde la p\u00e1gina web <a href=\"http:\/\/www.municipalidadovalle.cl\">www.municipalidadovalle.cl<\/a>, o se podr\u00e1n solicitar en la OIRS y en el Departamento de Desarrollo Comunitario del municipio.<\/p>\n<p>Las organizaciones interesadas en postular, deber\u00e1n ingresar su proyecto con la documentaci\u00f3n correspondiente en sobre cerrado, en la Oficina de Partes del municipio ubicado en Vicu\u00f1a Mackenna 441.<\/p>\n<p>Las bases y formularios, as\u00ed como el proceso de postulaci\u00f3n, se iniciar\u00e1n el viernes 13 de agosto, cerrando a las 14:00 horas del lunes 13 de septiembre.<\/p>\n<p>&nbsp;<\/p>\n","protected":false},"excerpt":{"rendered":"<p>El\u00a0 viernes 13 de agosto se realizar\u00e1 la apertura de los procesos de postulaci\u00f3n al Fondo de Desarrollo Vecinal (FONDEVE) y del Fondo de Organizaciones Funcionales y Asociaciones de Inter\u00e9s P\u00fablico, los cuales pondr\u00e1n a disposici\u00f3n 80 millones y 45 millones respectivamente. Este beneficio del municipio permite que las instituciones postulen a un m\u00e1ximo de &#8230;<\/p>\n","protected":false},"author":2,"featured_media":5570,"comment_status":"open","ping_status":"open","sticky":false,"template":"","format":"standard","meta":{"footnotes":""},"categories":[5],"tags":[],"class_list":["post-5569","post","type-post","status-publish","format-standard","has-post-thumbnail","hentry","category-actualidad-limarina"],"_links":{"self":[{"href":"https:\/\/www.radiolimari.cl\/index.php?rest_route=\/wp\/v2\/posts\/5569","targetHints":{"allow":["GET"]}}],"collection":[{"href":"https:\/\/www.radiolimari.cl\/index.php?rest_route=\/wp\/v2\/posts"}],"about":[{"href":"https:\/\/www.radiolimari.cl\/index.php?rest_route=\/wp\/v2\/types\/post"}],"author":[{"embeddable":true,"href":"https:\/\/www.radiolimari.cl\/index.php?rest_route=\/wp\/v2\/users\/2"}],"replies":[{"embeddable":true,"href":"https:\/\/www.radiolimari.cl\/index.php?rest_route=%2Fwp%2Fv2%2Fcomments&post=5569"}],"version-history":[{"count":1,"href":"https:\/\/www.radiolimari.cl\/index.php?rest_route=\/wp\/v2\/posts\/5569\/revisions"}],"predecessor-version":[{"id":5571,"href":"https:\/\/www.radiolimari.cl\/index.php?rest_route=\/wp\/v2\/posts\/5569\/revisions\/5571"}],"wp:featuredmedia":[{"embeddable":true,"href":"https:\/\/www.radiolimari.cl\/index.php?rest_route=\/wp\/v2\/media\/5570"}],"wp:attachment":[{"href":"https:\/\/www.radiolimari.cl\/index.php?rest_route=%2Fwp%2Fv2%2Fmedia&parent=5569"}],"wp:term":[{"taxonomy":"category","embeddable":true,"href":"https:\/\/www.radiolimari.cl\/index.php?rest_route=%2Fwp%2Fv2%2Fcategories&post=5569"},{"taxonomy":"post_tag","embeddable":true,"href":"https:\/\/www.radiolimari.cl\/index.php?rest_route=%2Fwp%2Fv2%2Ftags&post=5569"}],"curies":[{"name":"wp","href":"https:\/\/api.w.org\/{rel}","templated":true}]}}