{"id":5566,"date":"2021-08-11T17:23:26","date_gmt":"2021-08-11T17:23:26","guid":{"rendered":"http:\/\/www.radiolimari.cl\/?p=5566"},"modified":"2021-08-11T17:23:26","modified_gmt":"2021-08-11T17:23:26","slug":"en-combarbala-escuela-de-taekwondo-contribuye-al-desarrollo-deportivo-infantil-en-la-comuna-limarina","status":"publish","type":"post","link":"https:\/\/www.radiolimari.cl\/?p=5566","title":{"rendered":"En Combarbal\u00e1 escuela de Taekwondo contribuye al desarrollo deportivo infantil en la comuna limarina"},"content":{"rendered":"<p><a href=\"https:\/\/www.radiolimari.cl\/wp-content\/uploads\/2021\/08\/11.8-Taekwondo_Combarbal\u00e13.jpeg\"><img fetchpriority=\"high\" decoding=\"async\" class=\"alignnone size-medium wp-image-5567\" src=\"https:\/\/www.radiolimari.cl\/wp-content\/uploads\/2021\/08\/11.8-Taekwondo_Combarbal\u00e13-300x224.jpeg\" alt=\"11.8 Taekwondo_Combarbal\u00e13\" width=\"300\" height=\"224\" srcset=\"https:\/\/www.radiolimari.cl\/wp-content\/uploads\/2021\/08\/11.8-Taekwondo_Combarbal\u00e13-300x224.jpeg 300w, https:\/\/www.radiolimari.cl\/wp-content\/uploads\/2021\/08\/11.8-Taekwondo_Combarbal\u00e13.jpeg 1024w\" sizes=\"(max-width: 300px) 100vw, 300px\" \/><\/a><\/p>\n<p><b style=\"color: #222222;\"><i><span style=\"font-family: tahoma, sans-serif;\">orma parte de la oferta program\u00e1tica que el Instituto Nacional de Deportes &#8211; Mindep Coquimbo que ejecuta en la regi\u00f3n.<\/span><\/i><\/b><!--more--><\/p>\n<div><span style=\"font-family: tahoma, sans-serif;\">La iniciativa del Programa Crecer en Movimiento que se imparte\u00a0 en la ex- casa de la Cultura de Combarbal\u00e1, se presenta como una alternativa de formaci\u00f3n para que ni\u00f1as y ni\u00f1os se introduzcan en la disciplina del Taekwondo, y que en la comuna cuentan con muchos exponentes y que hoy imparte la profesora Pamela Lizana.<br \/>\nLa escuela de elecci\u00f3n deportiva , que recibi\u00f3 la vistia del Seremi del Deportes Juan Carlos Fritis, quien adem\u00e1s realiz\u00f3 la entrega de implementos para el taller ,\u00a0<b><i>\u00bb para nosotros como IND y Mindep, este taller es muy importante, porque es un semillero deportivo de la comuna. Junto a la profesora Pamela Lizana quien nos ha mostrado el trabajo que realiza con ni\u00f1os peque\u00f1os, que ya se encuentran practicando este deporte, que es estrat\u00e9gico para la regi\u00f3n\u00bb.\u00a0<\/i><\/b><\/span><\/div>\n<div><span style=\"font-family: tahoma, sans-serif;\">\u00a0<\/span><\/div>\n<div><span style=\"font-family: tahoma, sans-serif;\">En este taller se trabaja con ni\u00f1os y ni\u00f1as de entre los 10 a 14 a\u00f1os , en horario de lunes y jueves de 16.00 a 17.30 horas. Tiene\u00a0<span style=\"color: #272727;\">por objetivo que los escolares de segundo ciclo b\u00e1sico y ense\u00f1anza media, potencien a trav\u00e9s de la pr\u00e1ctica deportiva, sus competencias y aptitudes t\u00e9cnicas para el desarrollo de alguna disciplina espec\u00edfica, como el taekwondo,\u00a0 transitando hacia la formaci\u00f3n y especializaci\u00f3n en esta disciplina.\u00a0<\/span><\/span><\/div>\n<div><span style=\"color: #272727;\"><span style=\"font-family: tahoma, sans-serif;\">\u00a0<\/span><\/span><\/div>\n<div><span style=\"color: #272727;\"><span style=\"font-family: tahoma, sans-serif;\">Para la profesora Pamela Lizana , Tercer Dan, este grupo ya lleva trabajando hace un tiempo con el grupo,\u00a0<b><i>\u00abcomenzamos con ni\u00f1os peque\u00f1os desde los 5 a\u00f1os, queremos que los ni\u00f1os sean el futuro semillero de la regi\u00f3n, nuestro objetivo es trabajar en conjunto , para aportar elementos y futuros deportistas que integren selecciones y que puedan competir en diferentes torneos\u00bb .<\/i><\/b><\/span><\/span><\/div>\n<div><span style=\"font-family: tahoma, sans-serif;\">\u00a0<\/span><\/div>\n<div><span style=\"font-family: tahoma, sans-serif;\">La Municipalidad\u00a0 de Combarbal\u00e1 tambi\u00e9n ha contribuido al apoyo de la escuela, con la facilitaci\u00f3n de espacios para su pr\u00e1ctica,\u00a0 el alcalde Pedro Castillo destac\u00f3 el trabajo en conjunto que se viene realizando con el Ministerio del Deporte, \u00bb J<b><i>unto al Seremi hemos\u00a0 entregado implementaci\u00f3n deportiva, a la escuela de taekwondo, que durante muchos a\u00f1os ha trabajado con ni\u00f1os y ni\u00f1as de nuestra ciudad, entregandando grandes logros deportivos, tremendos triunfos y por cierto, renovando el compromiso del trabajo, para seguir impulsando tanto este, como los distintos deportes de la comuna de Combarbal\u00e1\u00bb<\/i><\/b>. finaliz\u00f3 la autoridad edilicia.\u00a0<\/span><\/div>\n<div><\/div>\n","protected":false},"excerpt":{"rendered":"<p>orma parte de la oferta program\u00e1tica que el Instituto Nacional de Deportes &#8211; Mindep Coquimbo que ejecuta en la regi\u00f3n.<\/p>\n","protected":false},"author":2,"featured_media":5567,"comment_status":"open","ping_status":"open","sticky":false,"template":"","format":"standard","meta":{"footnotes":""},"categories":[5],"tags":[],"class_list":["post-5566","post","type-post","status-publish","format-standard","has-post-thumbnail","hentry","category-actualidad-limarina"],"_links":{"self":[{"href":"https:\/\/www.radiolimari.cl\/index.php?rest_route=\/wp\/v2\/posts\/5566","targetHints":{"allow":["GET"]}}],"collection":[{"href":"https:\/\/www.radiolimari.cl\/index.php?rest_route=\/wp\/v2\/posts"}],"about":[{"href":"https:\/\/www.radiolimari.cl\/index.php?rest_route=\/wp\/v2\/types\/post"}],"author":[{"embeddable":true,"href":"https:\/\/www.radiolimari.cl\/index.php?rest_route=\/wp\/v2\/users\/2"}],"replies":[{"embeddable":true,"href":"https:\/\/www.radiolimari.cl\/index.php?rest_route=%2Fwp%2Fv2%2Fcomments&post=5566"}],"version-history":[{"count":1,"href":"https:\/\/www.radiolimari.cl\/index.php?rest_route=\/wp\/v2\/posts\/5566\/revisions"}],"predecessor-version":[{"id":5568,"href":"https:\/\/www.radiolimari.cl\/index.php?rest_route=\/wp\/v2\/posts\/5566\/revisions\/5568"}],"wp:featuredmedia":[{"embeddable":true,"href":"https:\/\/www.radiolimari.cl\/index.php?rest_route=\/wp\/v2\/media\/5567"}],"wp:attachment":[{"href":"https:\/\/www.radiolimari.cl\/index.php?rest_route=%2Fwp%2Fv2%2Fmedia&parent=5566"}],"wp:term":[{"taxonomy":"category","embeddable":true,"href":"https:\/\/www.radiolimari.cl\/index.php?rest_route=%2Fwp%2Fv2%2Fcategories&post=5566"},{"taxonomy":"post_tag","embeddable":true,"href":"https:\/\/www.radiolimari.cl\/index.php?rest_route=%2Fwp%2Fv2%2Ftags&post=5566"}],"curies":[{"name":"wp","href":"https:\/\/api.w.org\/{rel}","templated":true}]}}