{"id":5550,"date":"2021-08-11T13:37:54","date_gmt":"2021-08-11T13:37:54","guid":{"rendered":"http:\/\/www.radiolimari.cl\/?p=5550"},"modified":"2021-08-11T13:37:54","modified_gmt":"2021-08-11T13:37:54","slug":"en-ovalle-rindieron-un-homenaje-a-juliana-angel-tras-ganar-got-talent-chile-del-canal-de-tv-mega","status":"publish","type":"post","link":"https:\/\/www.radiolimari.cl\/?p=5550","title":{"rendered":"En Ovalle  rindieron un homenaje a Juliana \u00c1ngel tras ganar Got Talent Chile del canal de tv Mega"},"content":{"rendered":"<p><a href=\"https:\/\/www.radiolimari.cl\/wp-content\/uploads\/2021\/08\/11.8-Homenaje-a-Juliana-\u00c1ngel-2.jpg\"><img fetchpriority=\"high\" decoding=\"async\" class=\"alignnone size-medium wp-image-5551\" src=\"https:\/\/www.radiolimari.cl\/wp-content\/uploads\/2021\/08\/11.8-Homenaje-a-Juliana-\u00c1ngel-2-300x225.jpg\" alt=\"rpt\" width=\"300\" height=\"225\" srcset=\"https:\/\/www.radiolimari.cl\/wp-content\/uploads\/2021\/08\/11.8-Homenaje-a-Juliana-\u00c1ngel-2-300x225.jpg 300w, https:\/\/www.radiolimari.cl\/wp-content\/uploads\/2021\/08\/11.8-Homenaje-a-Juliana-\u00c1ngel-2-1024x768.jpg 1024w\" sizes=\"(max-width: 300px) 100vw, 300px\" \/><\/a><\/p>\n<p><strong><em>El alcalde Claudio Renter\u00eda y los ocho integrantes del Concejo Municipal felicitaron a la cantante ovallina y le entregaron un galvano por su destacada participaci\u00f3n en el programa de talentos de Mega<\/em><\/strong><!--more--><\/p>\n<p>Tras convertirse en la flamante ganadora de Got Talent Chile, Juliana \u00c1ngel recibi\u00f3 un homenaje por parte del alcalde Claudio Renter\u00eda y los ocho integrantes del Concejo Municipal. Previo a la sesi\u00f3n del cuerpo colegiado, las autoridades le hicieron entrega de un galvano y agradecieron su participaci\u00f3n en el programa de talentos de Mega, puesto con su desplante e interpretaci\u00f3n dej\u00f3 en alto el nombre de los artistas ovallinos.<\/p>\n<p>La cantante local que encant\u00f3 al jurado con su potente voz se hizo acreedora en primer t\u00e9rmino del Bot\u00f3n de Oro del certamen, lo que la clasific\u00f3 directamente a la semifinal, y posteriormente luego de una excelente presentaci\u00f3n ante el jurado, se gan\u00f3 el pas\u00f3 a la final donde logr\u00f3 superar a artistas de diversas disciplinas, gracias al apoyo de la comuna de Ovalle y del pa\u00eds, quienes votaron a trav\u00e9s de mensajes de texto. Se trata de la primera ovallina en ganar un concurso televisivo de talentos, por lo que es de gran orgullo para el mundo art\u00edstico local.<\/p>\n<p>\u201cFue una experiencia muy linda e inolvidable, en el canal me trataron muy bien y me sent\u00ed en familia. Fue una alegr\u00eda total cuando gan\u00e9 porque se reflej\u00f3 el apoyo de la gente, lo que es algo muy importante\u201d sostuvo Juliana \u00c1ngel. La cantante ovallina tambi\u00e9n agradeci\u00f3 \u201cel apoyo del alcalde y el Concejo Municipal porque me ayudaron y ahora me dieron este espacio para poder hablar y darles las gracias personalmente\u201d.<\/p>\n<p>De acuerdo a su historia, el canto es una herencia familiar al igual que el amor a la m\u00fasica mexicana que le permiti\u00f3 convertirse en la gran ganadora de Got Talent Chile, y consagrarse como una referente de las rancheras en nuestro pa\u00eds. \u201cEs un orgullo muy grande como familia y muy satisfactorio verla en un escenario tan importante, donde la vio todo Chile y tambi\u00e9n a nivel internacional y m\u00e1s a\u00fan cuando se convirti\u00f3 en la ganadora del concurso\u201d indic\u00f3 el padre de Juliana, Julio \u00c1ngel. Por su parte, Yorcy Gonz\u00e1lez, madre de la cantante, se mostr\u00f3 feliz \u201cporque fue un apoyo inmenso por parte de la gente y fue una cadena de apoyo de la comuna de Ovalle y de la regi\u00f3n. Me siento orgullosa porque era su sue\u00f1o y lo logr\u00f3 y agradezco a todos quienes nos apoyaron y lo hicieron posible\u201d.<\/p>\n<p>El alcalde de Ovalle, Claudio Renter\u00eda destac\u00f3 el talento de Juliana \u00c1ngel porque \u201cle permiti\u00f3 ganar Got Talent Chile y dejar en alto el nombre de la comuna. Es un orgullo para nosotros porque nos represent\u00f3 de forma impecable y espero que siga cultivando su talento y d\u00e1ndonos m\u00e1s alegr\u00edas, a trav\u00e9s de su hermosa voz e interpretaci\u00f3n\u201d.<\/p>\n<p>Fue un homenaje merecido para una artista que reci\u00e9n tiene 13 a\u00f1os y que piensa grabar un nuevo disco en las pr\u00f3ximas semanas. Su talento est\u00e1 claro, su voz potente y su desplante que esperamos siga desarrollando, para seguir consagr\u00e1ndose en el mundo art\u00edstico nacional.<\/p>\n<p>&nbsp;<\/p>\n<p>&nbsp;<\/p>\n","protected":false},"excerpt":{"rendered":"<p>El alcalde Claudio Renter\u00eda y los ocho integrantes del Concejo Municipal felicitaron a la cantante ovallina y le entregaron un galvano por su destacada participaci\u00f3n en el programa de talentos de Mega<\/p>\n","protected":false},"author":2,"featured_media":5552,"comment_status":"open","ping_status":"open","sticky":false,"template":"","format":"standard","meta":{"footnotes":""},"categories":[5],"tags":[],"class_list":["post-5550","post","type-post","status-publish","format-standard","has-post-thumbnail","hentry","category-actualidad-limarina"],"_links":{"self":[{"href":"https:\/\/www.radiolimari.cl\/index.php?rest_route=\/wp\/v2\/posts\/5550","targetHints":{"allow":["GET"]}}],"collection":[{"href":"https:\/\/www.radiolimari.cl\/index.php?rest_route=\/wp\/v2\/posts"}],"about":[{"href":"https:\/\/www.radiolimari.cl\/index.php?rest_route=\/wp\/v2\/types\/post"}],"author":[{"embeddable":true,"href":"https:\/\/www.radiolimari.cl\/index.php?rest_route=\/wp\/v2\/users\/2"}],"replies":[{"embeddable":true,"href":"https:\/\/www.radiolimari.cl\/index.php?rest_route=%2Fwp%2Fv2%2Fcomments&post=5550"}],"version-history":[{"count":1,"href":"https:\/\/www.radiolimari.cl\/index.php?rest_route=\/wp\/v2\/posts\/5550\/revisions"}],"predecessor-version":[{"id":5553,"href":"https:\/\/www.radiolimari.cl\/index.php?rest_route=\/wp\/v2\/posts\/5550\/revisions\/5553"}],"wp:featuredmedia":[{"embeddable":true,"href":"https:\/\/www.radiolimari.cl\/index.php?rest_route=\/wp\/v2\/media\/5552"}],"wp:attachment":[{"href":"https:\/\/www.radiolimari.cl\/index.php?rest_route=%2Fwp%2Fv2%2Fmedia&parent=5550"}],"wp:term":[{"taxonomy":"category","embeddable":true,"href":"https:\/\/www.radiolimari.cl\/index.php?rest_route=%2Fwp%2Fv2%2Fcategories&post=5550"},{"taxonomy":"post_tag","embeddable":true,"href":"https:\/\/www.radiolimari.cl\/index.php?rest_route=%2Fwp%2Fv2%2Ftags&post=5550"}],"curies":[{"name":"wp","href":"https:\/\/api.w.org\/{rel}","templated":true}]}}