{"id":5547,"date":"2021-08-11T13:32:50","date_gmt":"2021-08-11T13:32:50","guid":{"rendered":"http:\/\/www.radiolimari.cl\/?p=5547"},"modified":"2021-08-11T13:32:50","modified_gmt":"2021-08-11T13:32:50","slug":"provincia-del-choapa-nueva-jornada-de-gobierno-en-terreno-se-enmarco-en-el-dia-del-minero-en-illapel","status":"publish","type":"post","link":"https:\/\/www.radiolimari.cl\/?p=5547","title":{"rendered":"Provincia del Choapa: Nueva jornada de Gobierno En Terreno se enmarc\u00f3 en el d\u00eda del Minero en Illapel"},"content":{"rendered":"<p><a href=\"https:\/\/www.radiolimari.cl\/wp-content\/uploads\/2021\/08\/11.8-GET-DIA-DEL-MINERO-3.jpg\"><img fetchpriority=\"high\" decoding=\"async\" class=\"alignnone size-medium wp-image-5548\" src=\"https:\/\/www.radiolimari.cl\/wp-content\/uploads\/2021\/08\/11.8-GET-DIA-DEL-MINERO-3-300x199.jpg\" alt=\"11.8 GET DIA DEL MINERO (3)\" width=\"300\" height=\"199\" srcset=\"https:\/\/www.radiolimari.cl\/wp-content\/uploads\/2021\/08\/11.8-GET-DIA-DEL-MINERO-3-300x199.jpg 300w, https:\/\/www.radiolimari.cl\/wp-content\/uploads\/2021\/08\/11.8-GET-DIA-DEL-MINERO-3-1024x682.jpg 1024w, https:\/\/www.radiolimari.cl\/wp-content\/uploads\/2021\/08\/11.8-GET-DIA-DEL-MINERO-3.jpg 2048w\" sizes=\"(max-width: 300px) 100vw, 300px\" \/><\/a><\/p>\n<p>&nbsp;<\/p>\n<p><strong><em>Con una muestra de rocas minerales y el trabajo que se lleva a cabo por los lavadores de oro, se vivi\u00f3 el despliegue de las instituciones gubernamentales. <\/em><\/strong><!--more--><\/p>\n<p>En la plaza de armas de la comuna de Illapel se llev\u00f3 a cabo una nueva jornada de Gobierno En Terreno, con el apoyo del equipo m\u00f3vil de la Seremi de Bienes Nacionales y representantes provinciales de Minvu, la cual estuvo enmarcada en la celebraci\u00f3n del d\u00eda de minero, donde se reconoci\u00f3 por parte de la agrupaci\u00f3n de lavaderos de oro, con el apoyo de autoridades provinciales y locales, a parte de sus integrantes.<\/p>\n<p>Este martes 10 de agosto a nivel nacional se conmemor\u00f3 el D\u00eda Del Minero, instancia que en Illapel tambi\u00e9n permiti\u00f3 desplegar el Equipo de Gobierno En Terreno, el que estuvo apoyando en materias como regularizaci\u00f3n de terrenos, postulaci\u00f3n a la red de protecci\u00f3n social y beneficios en torno a las viviendas, entre otros.\u00a0 Es por ello que el delegado provincial Juan Pablo G\u00e1lvez lleg\u00f3 hasta la plaza de Armas para destacar el evento y felicitar a los trabajadores de la miner\u00eda en su d\u00eda. <strong>\u201cEs un d\u00eda especial, un mes especial, el mes de la miner\u00eda y estamos acompa\u00f1ando junto al alcalde Denis Cort\u00e9s una actividad que est\u00e1 organizando los lavaderos de oro y viendo como ellos hacen su sustento a trav\u00e9s de lavar oro y el oro est\u00e1 a buen precio, por lo que en ese sentido les va bien, pero al igual que en la agricultura, y el problema que tenemos todos es el agua y frente a la sequ\u00eda lo est\u00e1n pasando un poco mal, as\u00ed que es un mes que hay que celebrar pero con mesura porque la sequ\u00eda nos tiene preocupados como provincia\u201d..<\/strong><\/p>\n<p>Palabras que se sumaron a las de Ver\u00f3nica Brice\u00f1o presidenta de la Agrupaci\u00f3n \u00a0de lavaderos de oro, quien se refiri\u00f3 al evento desarrollado. <strong>\u201cLos lavaderos de oro siempre han existido de la \u00e9poca patrimonial, por lo cual nosotros tenemos que preservar y cuidar tanto por las personas como por el Estado y hoy los lavaderos bajan a la Plaza de Armas como todos los a\u00f1os a celebrar el d\u00eda del minero y minera\u201d.<\/strong><\/p>\n<p>Finalmente el alcalde Denis Cort\u00e9s extendi\u00f3 su saludo a todos quienes son parte del rubro de la miner\u00eda y se refiri\u00f3 a los trabajos que llevar\u00e1 a cabo la casa edilicia en ese \u00e1mbito. <strong>\u201cUn gran abrazo a los mineros que tengan un feliz d\u00eda y esperamos que a trav\u00e9s de lo que ser\u00e1 la futura oficina de la miner\u00eda comunal, ayudarlos en asesor\u00edas y orientaciones que ellos estimen convenientes\u201d.<\/strong><\/p>\n<p>De esta manera quienes asistieron a la jornada de Gobierno En Terreno en la comuna de Illapel, pudieron conocer el gran trabajo que hacen los lavaderos de oro en la provincia de Choapa.<\/p>\n<p>&nbsp;<\/p>\n<p>&nbsp;<\/p>\n<p>&nbsp;<\/p>\n","protected":false},"excerpt":{"rendered":"<p>&nbsp; Con una muestra de rocas minerales y el trabajo que se lleva a cabo por los lavadores de oro, se vivi\u00f3 el despliegue de las instituciones gubernamentales.<\/p>\n","protected":false},"author":2,"featured_media":5548,"comment_status":"open","ping_status":"open","sticky":false,"template":"","format":"standard","meta":{"footnotes":""},"categories":[6],"tags":[],"class_list":["post-5547","post","type-post","status-publish","format-standard","has-post-thumbnail","hentry","category-regionales"],"_links":{"self":[{"href":"https:\/\/www.radiolimari.cl\/index.php?rest_route=\/wp\/v2\/posts\/5547","targetHints":{"allow":["GET"]}}],"collection":[{"href":"https:\/\/www.radiolimari.cl\/index.php?rest_route=\/wp\/v2\/posts"}],"about":[{"href":"https:\/\/www.radiolimari.cl\/index.php?rest_route=\/wp\/v2\/types\/post"}],"author":[{"embeddable":true,"href":"https:\/\/www.radiolimari.cl\/index.php?rest_route=\/wp\/v2\/users\/2"}],"replies":[{"embeddable":true,"href":"https:\/\/www.radiolimari.cl\/index.php?rest_route=%2Fwp%2Fv2%2Fcomments&post=5547"}],"version-history":[{"count":1,"href":"https:\/\/www.radiolimari.cl\/index.php?rest_route=\/wp\/v2\/posts\/5547\/revisions"}],"predecessor-version":[{"id":5549,"href":"https:\/\/www.radiolimari.cl\/index.php?rest_route=\/wp\/v2\/posts\/5547\/revisions\/5549"}],"wp:featuredmedia":[{"embeddable":true,"href":"https:\/\/www.radiolimari.cl\/index.php?rest_route=\/wp\/v2\/media\/5548"}],"wp:attachment":[{"href":"https:\/\/www.radiolimari.cl\/index.php?rest_route=%2Fwp%2Fv2%2Fmedia&parent=5547"}],"wp:term":[{"taxonomy":"category","embeddable":true,"href":"https:\/\/www.radiolimari.cl\/index.php?rest_route=%2Fwp%2Fv2%2Fcategories&post=5547"},{"taxonomy":"post_tag","embeddable":true,"href":"https:\/\/www.radiolimari.cl\/index.php?rest_route=%2Fwp%2Fv2%2Ftags&post=5547"}],"curies":[{"name":"wp","href":"https:\/\/api.w.org\/{rel}","templated":true}]}}