{"id":5540,"date":"2021-08-09T17:51:33","date_gmt":"2021-08-09T17:51:33","guid":{"rendered":"http:\/\/www.radiolimari.cl\/?p=5540"},"modified":"2021-08-09T17:51:33","modified_gmt":"2021-08-09T17:51:33","slug":"dirigentes-agropecuarios-de-monte-patria-se-reunieron-para-ver-las-problematicas-del-sector","status":"publish","type":"post","link":"https:\/\/www.radiolimari.cl\/?p=5540","title":{"rendered":"Dirigentes agropecuarios de Monte Patria se reunieron para ver las problem\u00e1ticas del sector"},"content":{"rendered":"<p><a href=\"https:\/\/www.radiolimari.cl\/wp-content\/uploads\/2021\/08\/9.8-encuentro-sector-agropecuario-1.jpg\"><img fetchpriority=\"high\" decoding=\"async\" class=\"alignnone size-medium wp-image-5541\" src=\"https:\/\/www.radiolimari.cl\/wp-content\/uploads\/2021\/08\/9.8-encuentro-sector-agropecuario-1-300x225.jpg\" alt=\"9.8 encuentro sector agropecuario (1)\" width=\"300\" height=\"225\" srcset=\"https:\/\/www.radiolimari.cl\/wp-content\/uploads\/2021\/08\/9.8-encuentro-sector-agropecuario-1-300x225.jpg 300w, https:\/\/www.radiolimari.cl\/wp-content\/uploads\/2021\/08\/9.8-encuentro-sector-agropecuario-1-1024x768.jpg 1024w, https:\/\/www.radiolimari.cl\/wp-content\/uploads\/2021\/08\/9.8-encuentro-sector-agropecuario-1.jpg 2048w\" sizes=\"(max-width: 300px) 100vw, 300px\" \/><\/a><\/p>\n<p><em>Enfrentar la sequ\u00eda, regular la agricultura y la ganader\u00eda y buscar mejores mercados son los principales desaf\u00edos del sector productivo de la comuna de Monte Patria.<\/em><!--more--><\/p>\n<p>Una productiva jornada tuvieron los dirigentes del sector agropecuario de la comuna de los valles generosos quienes se reunieron para conocer las principales problem\u00e1ticas que vive el sector productivo de la comuna.<\/p>\n<p>Agricultores, apicultores y crianceros fueron convocados en este primer encuentro de trabajo, quienes trabajaron en grupos para conocer e intercambiar la experiencia vivida en los \u00faltimos a\u00f1os en sus sectores productivos. Como abordar la sequ\u00eda, que afecta por m\u00e1s de 13 a\u00f1os la zona, fue uno de los temas coincidentes entre los distintos grupos, proponiendo algunas formas de enfrentarlos e incluso entregando algunas propuestas respecto a la pol\u00edtica p\u00fablica que esperan se pueda implementar en el rubro.<\/p>\n<p>Al respecto Jorge Galindo, representante de la Cooperativa Tradiciones del Valle se\u00f1al\u00f3 <strong>\u201ces muy necesaria este tipo de encuentro, para as\u00ed generar acciones, la situaci\u00f3n h\u00eddrica nos genera incertidumbre, estamos agradecido de que puedan escucharnos, nosotros como productores tenemos propuestas e ideas que deben ser consensuada con los profesionales\u201d<\/strong><\/p>\n<p>Desde el municipio local esta instancia permite conocer los desaf\u00edos en materia productiva desde una mirada de participaci\u00f3n comunitaria que permitir\u00e1 generar un Plan de Desarrollo Productivo Comunal.<\/p>\n<p>El alcalde de Monte Patria, Cristian Herrera Pe\u00f1a destac\u00f3 <strong>\u201ces la primera instancia para trabajar en conjunto, estamos levantando la demanda en corto, mediano y largo plazo, necesitamos los insumos de parte de la comunidad para as\u00ed poder representarlos de buena manera, hubieron muchas coincidencias en las demandas de los distintos rubros convocados el d\u00eda de hoy, ahora continuaremos escuchando los dem\u00e1s sectores para as\u00ed sistematizar las demandas.\u201d<\/strong><\/p>\n<p>En la oportunidad adem\u00e1s estuvo presente y trabajando en las distintas mesas la constituyente por la regi\u00f3n Jeniffer Mella, quien pudo escuchar las demandas de los distintos sectores y compartir la visi\u00f3n de los productores respecto al recurso h\u00eddrico, explotaci\u00f3n de suelo y otras tem\u00e1ticas.<\/p>\n","protected":false},"excerpt":{"rendered":"<p>Enfrentar la sequ\u00eda, regular la agricultura y la ganader\u00eda y buscar mejores mercados son los principales desaf\u00edos del sector productivo de la comuna de Monte Patria.<\/p>\n","protected":false},"author":2,"featured_media":5541,"comment_status":"open","ping_status":"open","sticky":false,"template":"","format":"standard","meta":{"footnotes":""},"categories":[6],"tags":[],"class_list":["post-5540","post","type-post","status-publish","format-standard","has-post-thumbnail","hentry","category-regionales"],"_links":{"self":[{"href":"https:\/\/www.radiolimari.cl\/index.php?rest_route=\/wp\/v2\/posts\/5540","targetHints":{"allow":["GET"]}}],"collection":[{"href":"https:\/\/www.radiolimari.cl\/index.php?rest_route=\/wp\/v2\/posts"}],"about":[{"href":"https:\/\/www.radiolimari.cl\/index.php?rest_route=\/wp\/v2\/types\/post"}],"author":[{"embeddable":true,"href":"https:\/\/www.radiolimari.cl\/index.php?rest_route=\/wp\/v2\/users\/2"}],"replies":[{"embeddable":true,"href":"https:\/\/www.radiolimari.cl\/index.php?rest_route=%2Fwp%2Fv2%2Fcomments&post=5540"}],"version-history":[{"count":1,"href":"https:\/\/www.radiolimari.cl\/index.php?rest_route=\/wp\/v2\/posts\/5540\/revisions"}],"predecessor-version":[{"id":5542,"href":"https:\/\/www.radiolimari.cl\/index.php?rest_route=\/wp\/v2\/posts\/5540\/revisions\/5542"}],"wp:featuredmedia":[{"embeddable":true,"href":"https:\/\/www.radiolimari.cl\/index.php?rest_route=\/wp\/v2\/media\/5541"}],"wp:attachment":[{"href":"https:\/\/www.radiolimari.cl\/index.php?rest_route=%2Fwp%2Fv2%2Fmedia&parent=5540"}],"wp:term":[{"taxonomy":"category","embeddable":true,"href":"https:\/\/www.radiolimari.cl\/index.php?rest_route=%2Fwp%2Fv2%2Fcategories&post=5540"},{"taxonomy":"post_tag","embeddable":true,"href":"https:\/\/www.radiolimari.cl\/index.php?rest_route=%2Fwp%2Fv2%2Ftags&post=5540"}],"curies":[{"name":"wp","href":"https:\/\/api.w.org\/{rel}","templated":true}]}}