{"id":5537,"date":"2021-08-09T17:47:23","date_gmt":"2021-08-09T17:47:23","guid":{"rendered":"http:\/\/www.radiolimari.cl\/?p=5537"},"modified":"2021-08-09T17:47:23","modified_gmt":"2021-08-09T17:47:23","slug":"rio-hurtado-celebro-a-los-dirigentes-sociales-en-su-dia","status":"publish","type":"post","link":"https:\/\/www.radiolimari.cl\/?p=5537","title":{"rendered":"R\u00edo Hurtado celebr\u00f3 a los dirigentes sociales en su d\u00eda"},"content":{"rendered":"<p><a href=\"https:\/\/www.radiolimari.cl\/wp-content\/uploads\/2021\/08\/9.8-rio-hurtado.jpeg\"><img fetchpriority=\"high\" decoding=\"async\" class=\"alignnone size-medium wp-image-5538\" src=\"https:\/\/www.radiolimari.cl\/wp-content\/uploads\/2021\/08\/9.8-rio-hurtado-300x168.jpeg\" alt=\"9.8 rio hurtado\" width=\"300\" height=\"168\" srcset=\"https:\/\/www.radiolimari.cl\/wp-content\/uploads\/2021\/08\/9.8-rio-hurtado-300x168.jpeg 300w, https:\/\/www.radiolimari.cl\/wp-content\/uploads\/2021\/08\/9.8-rio-hurtado-1024x574.jpeg 1024w, https:\/\/www.radiolimari.cl\/wp-content\/uploads\/2021\/08\/9.8-rio-hurtado.jpeg 1280w\" sizes=\"(max-width: 300px) 100vw, 300px\" \/><\/a><\/p>\n<p>La celebraci\u00f3n del d\u00eda del dirigente estuvo marcada por el regreso a los encuentros en forma presencial de los dirigentes vecinales, que por efectos de la pandemia por Coronavirus no era posible realizarlos. La alcaldesa Carmen Juana Olivares destac\u00f3 su labor y compromiso para con sus comunidades<!--more--><\/p>\n<p>En el Sal\u00f3n de Uso M\u00faltiple del municipio, la alcaldesa de R\u00edo Hurtado, Carmen Juana Olivares, celebr\u00f3 el d\u00eda del dirigente social y comunitario, oportunidad en la cual aprovech\u00f3 de reafirmar el compromiso por el desarrollo comunal y agradecer el trabajo de cada uno de los dirigentes por sus respectivas comunidades.<\/p>\n<p>En la jornada se resolvieron dudas y preguntas sobre la labor dirigencial respecto a los protocolos sanitarios que se deben cumplir en Fase 4, como los aforos en reuniones de car\u00e1cter social que se puedan estar analizando para las pr\u00f3ximas Fiestas Patrias.<\/p>\n<p>La alcaldesa de R\u00edo Hurtado valor\u00f3 la labor de los dirigentes social, se\u00f1alando que continuar\u00e1n su nexo con cada uno de ellos.<\/p>\n<p>\u201cSer dirigente social es muy dif\u00edcil. Como lo dije en el saludo, ellos son la primera l\u00ednea de desarrollo social dentro de las comunidades, son quienes representan a la poblaci\u00f3n, quienes primero reciben las solicitudes de los vecinos y quienes articulan resolver los problemas. Como municipalidad es protegerlos, apoyarlos en todos sus proyectos y para nosotros fue importante tener esta reuni\u00f3n, la primera despu\u00e9s de la pandemia\u201d, destac\u00f3 la alcaldesa.<\/p>\n<p>La celebraci\u00f3n del d\u00eda del dirigente estuvo marcada por el regreso a los encuentros en forma presencial que por efectos de la pandemia por Coronavirus no era posible realizarlos. En esta l\u00ednea, el presidente de la Uni\u00f3n Comunal de la Junta de Vecinos, Arnoldo L\u00f3pez, manifest\u00f3 su alegr\u00eda por reencontrarse.<\/p>\n<p>\u201cDespu\u00e9s de tanto tiempo, estamos contentos con estas reuniones y encuentros. Estamos felices por reencontr\u00e1ndonos. Felicito a la alcaldesa, a los concejales y funcionarios municipales por la realizaci\u00f3n de estos eventos que son muy importantes para nosotros\u201d, se\u00f1al\u00f3 L\u00f3pez.<\/p>\n<p>Hay comunidades que analizan la posibilidad de realizar actividad para septiembre, en la cual el dirigente social manifest\u00f3 que todos deben apegarse a los protocolos del Plan Paso a Paso. Mientras que el concejal Jaime Flores tambi\u00e9n aprovech\u00f3 de valorar el trabajo dirigencial y precisar sobre la personalidad jur\u00eddica de estas organizaciones.<\/p>\n<p>\u201cEl municipio ha estado ayudando a los vecinos, la encargada de Dideco est\u00e1 trabajando fuertemente con los dirigentes y as\u00ed para retomar y que estas se puedan actualizar, como los clubes deportivos, juntas de vecinos, centros de madres, clubes de huasos y que estas\u00a0 agrupaciones puedan estar vigentes para la postulaci\u00f3n de proyectos\u201d, dijo el concejal.<\/p>\n<p>El cierre de la jornada lo protagoniz\u00f3 Jessm\u00edn \u00c1ngel, quien deleit\u00f3 a los presentes con su dulce e inigualable voz al ritmo de la m\u00fasica ranchera.<\/p>\n<p>&nbsp;<\/p>\n","protected":false},"excerpt":{"rendered":"<p>La celebraci\u00f3n del d\u00eda del dirigente estuvo marcada por el regreso a los encuentros en forma presencial de los dirigentes vecinales, que por efectos de la pandemia por Coronavirus no era posible realizarlos. La alcaldesa Carmen Juana Olivares destac\u00f3 su labor y compromiso para con sus comunidades<\/p>\n","protected":false},"author":2,"featured_media":5538,"comment_status":"open","ping_status":"open","sticky":false,"template":"","format":"standard","meta":{"footnotes":""},"categories":[5],"tags":[],"class_list":["post-5537","post","type-post","status-publish","format-standard","has-post-thumbnail","hentry","category-actualidad-limarina"],"_links":{"self":[{"href":"https:\/\/www.radiolimari.cl\/index.php?rest_route=\/wp\/v2\/posts\/5537","targetHints":{"allow":["GET"]}}],"collection":[{"href":"https:\/\/www.radiolimari.cl\/index.php?rest_route=\/wp\/v2\/posts"}],"about":[{"href":"https:\/\/www.radiolimari.cl\/index.php?rest_route=\/wp\/v2\/types\/post"}],"author":[{"embeddable":true,"href":"https:\/\/www.radiolimari.cl\/index.php?rest_route=\/wp\/v2\/users\/2"}],"replies":[{"embeddable":true,"href":"https:\/\/www.radiolimari.cl\/index.php?rest_route=%2Fwp%2Fv2%2Fcomments&post=5537"}],"version-history":[{"count":1,"href":"https:\/\/www.radiolimari.cl\/index.php?rest_route=\/wp\/v2\/posts\/5537\/revisions"}],"predecessor-version":[{"id":5539,"href":"https:\/\/www.radiolimari.cl\/index.php?rest_route=\/wp\/v2\/posts\/5537\/revisions\/5539"}],"wp:featuredmedia":[{"embeddable":true,"href":"https:\/\/www.radiolimari.cl\/index.php?rest_route=\/wp\/v2\/media\/5538"}],"wp:attachment":[{"href":"https:\/\/www.radiolimari.cl\/index.php?rest_route=%2Fwp%2Fv2%2Fmedia&parent=5537"}],"wp:term":[{"taxonomy":"category","embeddable":true,"href":"https:\/\/www.radiolimari.cl\/index.php?rest_route=%2Fwp%2Fv2%2Fcategories&post=5537"},{"taxonomy":"post_tag","embeddable":true,"href":"https:\/\/www.radiolimari.cl\/index.php?rest_route=%2Fwp%2Fv2%2Ftags&post=5537"}],"curies":[{"name":"wp","href":"https:\/\/api.w.org\/{rel}","templated":true}]}}