{"id":5528,"date":"2021-08-05T15:43:21","date_gmt":"2021-08-05T15:43:21","guid":{"rendered":"http:\/\/www.radiolimari.cl\/?p=5528"},"modified":"2021-08-05T15:43:21","modified_gmt":"2021-08-05T15:43:21","slug":"realizan-demarcacion-de-pasos-peatonales-en-ovalle","status":"publish","type":"post","link":"https:\/\/www.radiolimari.cl\/?p=5528","title":{"rendered":"Realizan demarcaci\u00f3n de pasos peatonales en Ovalle"},"content":{"rendered":"<p><a href=\"https:\/\/www.radiolimari.cl\/wp-content\/uploads\/2021\/08\/5.8-Demarcaci\u00f3n-de-calles.jpg\"><img fetchpriority=\"high\" decoding=\"async\" class=\"alignnone size-medium wp-image-5529\" src=\"https:\/\/www.radiolimari.cl\/wp-content\/uploads\/2021\/08\/5.8-Demarcaci\u00f3n-de-calles-300x168.jpg\" alt=\"5.8 Demarcaci\u00f3n de calles\" width=\"300\" height=\"168\" srcset=\"https:\/\/www.radiolimari.cl\/wp-content\/uploads\/2021\/08\/5.8-Demarcaci\u00f3n-de-calles-300x168.jpg 300w, https:\/\/www.radiolimari.cl\/wp-content\/uploads\/2021\/08\/5.8-Demarcaci\u00f3n-de-calles-1024x576.jpg 1024w, https:\/\/www.radiolimari.cl\/wp-content\/uploads\/2021\/08\/5.8-Demarcaci\u00f3n-de-calles.jpg 1920w\" sizes=\"(max-width: 300px) 100vw, 300px\" \/><\/a><\/p>\n<p><strong><em>El municipio local, a trav\u00e9s de la Direcci\u00f3n de Tr\u00e1nsito est\u00e1 efectuando la demarcaci\u00f3n de los llamados \u00abpasos de cebra\u00bb, con el fin de darles seguridad vial tanto a peatones, como automovilistas y hermosear el entorno, puesto que esta acci\u00f3n se complementa con la identificaci\u00f3n de las calles locales.<\/em><\/strong><!--more--><\/p>\n<p>Con el prop\u00f3sito de dar seguridad vial a peatones y automovilistas, el municipio local est\u00e1 realizando la demarcaci\u00f3n de los denominados \u00abpasos de cebra\u00bb, en primera instancia, en las calles c\u00e9ntricas de Ovalle. Lo novedoso es que estas labores se est\u00e1n desarrollando con una m\u00e1quina termofusora para la aplicaci\u00f3n de pintura termopl\u00e1stica, la cual se funde antes de ser aplicada, lo que permite una mayor adhesi\u00f3n y duraci\u00f3n de estas se\u00f1ales.<\/p>\n<p>Esta m\u00e1quina fue adquirida por la administraci\u00f3n municipal y desde el primer minuto est\u00e1 llevando a cabo estas labores, durante jornadas nocturnas, las cuales se inician a las 18.00 horas y se extienden hasta las 00.00 horas, con el fin de no entorpecer el tr\u00e1nsito vehicular, puesto que se deben realizar cierres parciales de las calzadas que van a ser intervenidas. Durante esta semana se trabajar\u00e1 en la zona c\u00e9ntrica de Ovalle, desde Miguel Aguirre hasta calle El Mirador y entre Tangue y Pescadores.<\/p>\n<p>\u00abEsta acci\u00f3n nos permite, a trav\u00e9s de este nuevo mecanismo, darle mayor seguridad principalmente a nuestros peatones y a la vez indicar con mayor visibilidad cada uno de estos puntos a los automovilistas para que tomen la debida precauci\u00f3n. Estamos realizando un trabajo importante en esta \u00e1rea, ya que esta intervenci\u00f3n se complementa con la identificaci\u00f3n de las calles c\u00e9ntricas y de algunas poblaciones de nuestra ciudad, que se est\u00e1 desarrollando en una primera etapa\u00bb afirm\u00f3 el alcalde de Ovalle, Claudio Renter\u00eda. La autoridad comunal agreg\u00f3 que es importante \u201ctener una ciudad acogedora y con buenas se\u00f1alizaciones de tr\u00e1nsito, para nuestros habitantes y para quienes nos visitan\u201d.<\/p>\n<p>Esta intervenci\u00f3n se complementa con la nueva se\u00f1al\u00e9tica que tienen las calles c\u00e9ntricas de Ovalle. Esto se concret\u00f3 gracias a la postulaci\u00f3n que realiz\u00f3 el municipio local a recursos del Programa de Mejoramiento Urbano (PMU) de la Subsecretar\u00eda de Desarrollo Regional (SUBDERE), que permitieron la instalaci\u00f3n de nueva se\u00f1al\u00e9tica que identifica a cada una de las v\u00edas principales y calles aleda\u00f1as. En primer t\u00e9rmino, esta intervenci\u00f3n, que tuvo una inversi\u00f3n de $29.745.785 millones de pesos y se ejecut\u00f3 en el sector centro de la ciudad, en la avenida Omar Elorza del Mirador del Limar\u00ed y sus intersecciones y en Avenida Soldado S\u00e1nchez desde la poblaci\u00f3n Jos\u00e9 Tom\u00e1s Ovalle por toda su extensi\u00f3n.<\/p>\n<p>Cada una de estas v\u00edas cuenta con una se\u00f1alizaci\u00f3n de color azul, con un aspecto renovado y con sus respectivos nombres, a lo que se suma el tel\u00e9fono del Plan Cuadrante de Carabineros que corresponda para cada sector.A este proyecto se suma una segunda etapa que tiene una inversi\u00f3n de $31.757.203, que beneficiar\u00e1 con nueva se\u00f1al\u00e9tica a las calles Clemente Fuentealba y Mar\u00eda In\u00e9s Corral de El Portal, Avenida Las Palmas y calle Diaguitas de la poblaci\u00f3n Limar\u00ed, calle Patricio Zeballos de la poblaci\u00f3n Jos\u00e9 Tom\u00e1s Ovalle, calle Alberto Blest Gana y calle Yungay de la poblaci\u00f3n Fray Jorge, la extensi\u00f3n de Avenida Soldado S\u00e1nchez y la Avenida Manuel Pe\u00f1afiel.<\/p>\n<p>&nbsp;<\/p>\n","protected":false},"excerpt":{"rendered":"<p>El municipio local, a trav\u00e9s de la Direcci\u00f3n de Tr\u00e1nsito est\u00e1 efectuando la demarcaci\u00f3n de los llamados \u00abpasos de cebra\u00bb, con el fin de darles seguridad vial tanto a peatones, como automovilistas y hermosear el entorno, puesto que esta acci\u00f3n se complementa con la identificaci\u00f3n de las calles locales.<\/p>\n","protected":false},"author":2,"featured_media":5529,"comment_status":"open","ping_status":"open","sticky":false,"template":"","format":"standard","meta":{"footnotes":""},"categories":[5],"tags":[],"class_list":["post-5528","post","type-post","status-publish","format-standard","has-post-thumbnail","hentry","category-actualidad-limarina"],"_links":{"self":[{"href":"https:\/\/www.radiolimari.cl\/index.php?rest_route=\/wp\/v2\/posts\/5528","targetHints":{"allow":["GET"]}}],"collection":[{"href":"https:\/\/www.radiolimari.cl\/index.php?rest_route=\/wp\/v2\/posts"}],"about":[{"href":"https:\/\/www.radiolimari.cl\/index.php?rest_route=\/wp\/v2\/types\/post"}],"author":[{"embeddable":true,"href":"https:\/\/www.radiolimari.cl\/index.php?rest_route=\/wp\/v2\/users\/2"}],"replies":[{"embeddable":true,"href":"https:\/\/www.radiolimari.cl\/index.php?rest_route=%2Fwp%2Fv2%2Fcomments&post=5528"}],"version-history":[{"count":1,"href":"https:\/\/www.radiolimari.cl\/index.php?rest_route=\/wp\/v2\/posts\/5528\/revisions"}],"predecessor-version":[{"id":5530,"href":"https:\/\/www.radiolimari.cl\/index.php?rest_route=\/wp\/v2\/posts\/5528\/revisions\/5530"}],"wp:featuredmedia":[{"embeddable":true,"href":"https:\/\/www.radiolimari.cl\/index.php?rest_route=\/wp\/v2\/media\/5529"}],"wp:attachment":[{"href":"https:\/\/www.radiolimari.cl\/index.php?rest_route=%2Fwp%2Fv2%2Fmedia&parent=5528"}],"wp:term":[{"taxonomy":"category","embeddable":true,"href":"https:\/\/www.radiolimari.cl\/index.php?rest_route=%2Fwp%2Fv2%2Fcategories&post=5528"},{"taxonomy":"post_tag","embeddable":true,"href":"https:\/\/www.radiolimari.cl\/index.php?rest_route=%2Fwp%2Fv2%2Ftags&post=5528"}],"curies":[{"name":"wp","href":"https:\/\/api.w.org\/{rel}","templated":true}]}}