{"id":5525,"date":"2021-08-05T15:10:19","date_gmt":"2021-08-05T15:10:19","guid":{"rendered":"http:\/\/www.radiolimari.cl\/?p=5525"},"modified":"2021-08-05T15:10:52","modified_gmt":"2021-08-05T15:10:52","slug":"en-el-palqui-indap-reabrira-sucursal-de-atencion-y-ademas-en-las-oficinas-territoriales-del-municipio-de-monte-patria","status":"publish","type":"post","link":"https:\/\/www.radiolimari.cl\/?p=5525","title":{"rendered":"En El Palqui INDAP reabrir\u00e1 sucursal de atenci\u00f3n y adem\u00e1s en las oficinas territoriales del municipio de Monte Patria"},"content":{"rendered":"<p><a href=\"https:\/\/www.radiolimari.cl\/wp-content\/uploads\/2021\/08\/5.8-INDAP-monte-patria.jpg\"><img fetchpriority=\"high\" decoding=\"async\" class=\"alignnone size-medium wp-image-5526\" src=\"https:\/\/www.radiolimari.cl\/wp-content\/uploads\/2021\/08\/5.8-INDAP-monte-patria-300x224.jpg\" alt=\"5.8 INDAP monte patria\" width=\"300\" height=\"224\" srcset=\"https:\/\/www.radiolimari.cl\/wp-content\/uploads\/2021\/08\/5.8-INDAP-monte-patria-300x224.jpg 300w, https:\/\/www.radiolimari.cl\/wp-content\/uploads\/2021\/08\/5.8-INDAP-monte-patria-1024x766.jpg 1024w, https:\/\/www.radiolimari.cl\/wp-content\/uploads\/2021\/08\/5.8-INDAP-monte-patria.jpg 1280w\" sizes=\"(max-width: 300px) 100vw, 300px\" \/><\/a><\/p>\n<p><em>Durante la pandemia los usuarios del servicio agropecuario deb\u00edan trasladarse a la comuna vecina de Ovalle para recibir atenci\u00f3n<\/em><!--more--><\/p>\n<p>El\u00a0equipo INDAP Ovalle asisti\u00f3 a la comuna de los valles generosos en el marco de la entrega del bono a los usuarios que integran el Programa Caprino Lechero de la Regi\u00f3n de Coquimbo, quienes recibieron un kit de implementos que permitir\u00e1n mejorar sus procesos productivos.<\/p>\n<p>Gracias a la gesti\u00f3n de la nueva autoridad comunal, Cristian Herrera Pe\u00f1a, las autoridades del servicio agropecuario anunciaron la reapertura de la oficina de El Palqui para atender todos los mi\u00e9rcoles. Aprovechando la presencia de la Directora de DIDECO, Ver\u00f3nica Z\u00e1rate, se comprometieron a atender los cuatro jueves del mes en las oficinas territoriales municipales, la primera semana en Tulahu\u00e9n, el segundo jueves en Rapel y los otros dos restantes en la cabecera comunal.<\/p>\n<p>Respecto a ello, Jaime Mi\u00f1o Jefe de \u00c1rea INDAP Ovalle se\u00f1al\u00f3: <strong>\u201cHoy entregamos este kit de control lechero y de sanidad a los 7 productores de la comuna que son Programa Caprino Lechero. Adem\u00e1s aprovechamos de entregar buenas noticias a los vecinos y vecinas: Hemos reabierto la oficina de El Palqui y adem\u00e1s se han incorporado a la atenci\u00f3n las localidades de Rapel, Tulahu\u00e9n y la ciudad de Monte Patria.\u201d<\/strong><\/p>\n<p>Tem\u00e1ticas como asesor\u00edas, proyectos y bonificaciones para el \u00e1rea agr\u00edcola y ganadera, ser\u00e1n parte de las inquietudes que podr\u00e1n ser abordadas en el territorio.<\/p>\n<p>El alcalde de Monte Patria, Cristian Herrera Pe\u00f1a indic\u00f3: <strong>\u201cEstamos muy contentos, siempre cuando viene INDAP a la comuna podemos compartir buenas noticias con la comunidad. Hoy tenemos la entrega para siete crianceros de nuestra comuna, pero junto con ello y gracias al\u00a0 trabajo mancomunado, se ha abierto la oficina de El Palqui y se suman las atenciones en Monte Patria, Rapel y Tulahu\u00e9n. De esta manera, los usuarios podr\u00e1n realizar sus consultas de asesor\u00edas, proyectos o cr\u00e9ditos sin necesidad de ir a Ovalle. Estamos muy contentos porque este servicio estar\u00e1 m\u00e1s cerca de la comunidad gracias a este acuerdo en conjunto.\u201d<\/strong><\/p>\n<p>De esta forma los usuarios agropecuarios y la comunidad en general tendr\u00e1n los servicios del Instituto de Desarrollo Agropecuario m\u00e1s cerca de su hogar permitiendo mejorar el acceso a la informaci\u00f3n que tanto requieren los vecinos y vecinas de la comuna de los valles generosos.<\/p>\n","protected":false},"excerpt":{"rendered":"<p>Durante la pandemia los usuarios del servicio agropecuario deb\u00edan trasladarse a la comuna vecina de Ovalle para recibir atenci\u00f3n<\/p>\n","protected":false},"author":2,"featured_media":5526,"comment_status":"open","ping_status":"open","sticky":false,"template":"","format":"standard","meta":{"footnotes":""},"categories":[5],"tags":[],"class_list":["post-5525","post","type-post","status-publish","format-standard","has-post-thumbnail","hentry","category-actualidad-limarina"],"_links":{"self":[{"href":"https:\/\/www.radiolimari.cl\/index.php?rest_route=\/wp\/v2\/posts\/5525","targetHints":{"allow":["GET"]}}],"collection":[{"href":"https:\/\/www.radiolimari.cl\/index.php?rest_route=\/wp\/v2\/posts"}],"about":[{"href":"https:\/\/www.radiolimari.cl\/index.php?rest_route=\/wp\/v2\/types\/post"}],"author":[{"embeddable":true,"href":"https:\/\/www.radiolimari.cl\/index.php?rest_route=\/wp\/v2\/users\/2"}],"replies":[{"embeddable":true,"href":"https:\/\/www.radiolimari.cl\/index.php?rest_route=%2Fwp%2Fv2%2Fcomments&post=5525"}],"version-history":[{"count":1,"href":"https:\/\/www.radiolimari.cl\/index.php?rest_route=\/wp\/v2\/posts\/5525\/revisions"}],"predecessor-version":[{"id":5527,"href":"https:\/\/www.radiolimari.cl\/index.php?rest_route=\/wp\/v2\/posts\/5525\/revisions\/5527"}],"wp:featuredmedia":[{"embeddable":true,"href":"https:\/\/www.radiolimari.cl\/index.php?rest_route=\/wp\/v2\/media\/5526"}],"wp:attachment":[{"href":"https:\/\/www.radiolimari.cl\/index.php?rest_route=%2Fwp%2Fv2%2Fmedia&parent=5525"}],"wp:term":[{"taxonomy":"category","embeddable":true,"href":"https:\/\/www.radiolimari.cl\/index.php?rest_route=%2Fwp%2Fv2%2Fcategories&post=5525"},{"taxonomy":"post_tag","embeddable":true,"href":"https:\/\/www.radiolimari.cl\/index.php?rest_route=%2Fwp%2Fv2%2Ftags&post=5525"}],"curies":[{"name":"wp","href":"https:\/\/api.w.org\/{rel}","templated":true}]}}