{"id":5521,"date":"2021-08-05T14:23:41","date_gmt":"2021-08-05T14:23:41","guid":{"rendered":"http:\/\/www.radiolimari.cl\/?p=5521"},"modified":"2021-08-05T14:23:41","modified_gmt":"2021-08-05T14:23:41","slug":"museos-de-ovalle-y-vicuna-aumentan-dias-para-visitas-presenciales","status":"publish","type":"post","link":"https:\/\/www.radiolimari.cl\/?p=5521","title":{"rendered":"Museos de Ovalle y Vicu\u00f1a aumentan d\u00edas para visitas presenciales"},"content":{"rendered":"<p><a href=\"https:\/\/www.radiolimari.cl\/wp-content\/uploads\/2021\/08\/Museo-Limar\u00ed-1.jpg\"><img fetchpriority=\"high\" decoding=\"async\" class=\"alignnone size-medium wp-image-5522\" src=\"https:\/\/www.radiolimari.cl\/wp-content\/uploads\/2021\/08\/Museo-Limar\u00ed-1-300x199.jpg\" alt=\"Museo Limar\u00ed 1\" width=\"300\" height=\"199\" srcset=\"https:\/\/www.radiolimari.cl\/wp-content\/uploads\/2021\/08\/Museo-Limar\u00ed-1-300x199.jpg 300w, https:\/\/www.radiolimari.cl\/wp-content\/uploads\/2021\/08\/Museo-Limar\u00ed-1.jpg 1021w\" sizes=\"(max-width: 300px) 100vw, 300px\" \/><\/a><\/p>\n<p><strong>Ambas ciudades avanzaron de fase en el Plan Paso a Paso y extendieron su calendario para recibir al p\u00fablico bajo estrictas medidas sanitarias. En tanto, la Biblioteca Regional Gabriela Mistral habilit\u00f3 parte de su segundo piso con aforo reducido.<\/strong><!--more--><\/p>\n<p>Gracias a la disminuci\u00f3n de contagios por Covid-19 en la poblaci\u00f3n y a los cambios que ha tenido el Plan Paso a Paso, distintos espacios culturales de la Regi\u00f3n de Coquimbo han realizado importantes ajustes en su oferta para recibir a la comunidad de manera presencial.<\/p>\n<p><strong>EN OVALLE<\/strong><\/p>\n<p>El Museo del Limar\u00ed brindar\u00e1 atenci\u00f3n presencial al p\u00fablico desde martes a viernes, entre 10:00 y 11:00 horas, y entre 12:00 y 13:00 horas, definiendo un margen (entre 11:00 y 12:00 horas) para la limpieza y ventilaci\u00f3n del recinto ubicado en Ovalle. Las visitas deben ser agendadas previamente al correo <a href=\"mailto:museo.limari@museoschile.gob.cl\">museo.limari@museoschile.gob.cl<\/a> o llamando al tel\u00e9fono +512662282. El Museo cuenta con medidas de seguridad como toma de temperatura, adaptaciones en su sala de exhibici\u00f3n, la que permitir\u00e1 un aforo de cinco personas.<\/p>\n<p><strong>EN VICU\u00d1A<\/strong><\/p>\n<p>Por su parte, el Museo Gabriela Mistral de Vicu\u00f1a recibir\u00e1 al p\u00fablico cada mi\u00e9rcoles, jueves y viernes, entre 10:00 y 13:00 horas, con aforo limitado y los protocolos que exige la autoridad sanitaria. Los interesados en visitar el recinto deben ingresar al sitio web <a href=\"http:\/\/www.mgmistral.gob.cl\">www.mgmistral.gob.cl<\/a> y completar el formulario disponible.<\/p>\n<p>Francisco Varas, seremi de las Culturas, las Artes y el Patrimonio, calific\u00f3 como \u201cuna excelente noticia para la comunidad regional y los turistas los nuevos aforos y reaperturas para nuestros espacios culturales. Estas son se\u00f1ales importantes para la tan esperada reactivaci\u00f3n cultural, para la recuperaci\u00f3n de empleos y para que la ciudadan\u00eda se reencuentre con nuestra identidad cultural regional. Invitamos a los vecinos y vecinas de Ovalle y Vicu\u00f1a asistir a estos museos con la seguridad de vivir una grata experiencia\u201d.<\/p>\n<p><strong>Biblioteca Regional<\/strong><\/p>\n<p>En La Serena, la Biblioteca Regional Gabriela Mistral incorpor\u00f3 la inscripci\u00f3n presencial de sus socios y socias, adem\u00e1s de adaptar el segundo nivel del edificio con un aforo reducido previa reserva. Quienes visiten el recinto podr\u00e1n disfrutar de una variada selecci\u00f3n con todas las colecciones de la biblioteca, junto con dos nuevas estanter\u00edas con los t\u00edtulos m\u00e1s pedidos a la fecha.<\/p>\n<p>El horario de funcionamiento ser\u00e1 los martes entre 14:30 y 18:00 horas, y los jueves entre 10:00 y 13:30 horas. El p\u00fablico podr\u00e1 agendar visitas y solicitar pr\u00e9stamos de libros a trav\u00e9s de la p\u00e1gina web <a href=\"http:\/\/www.bibliotecagabrielamistral.gob.cl\">www.bibliotecagabrielamistral.gob.cl<\/a> o al n\u00famero +512562500. El retiro presencial de los textos ser\u00e1 cada martes de 14:30 a 18:00 horas y los jueves de 10:00 a 13:30 horas.<\/p>\n","protected":false},"excerpt":{"rendered":"<p>Ambas ciudades avanzaron de fase en el Plan Paso a Paso y extendieron su calendario para recibir al p\u00fablico bajo estrictas medidas sanitarias. En tanto, la Biblioteca Regional Gabriela Mistral habilit\u00f3 parte de su segundo piso con aforo reducido.<\/p>\n","protected":false},"author":2,"featured_media":5523,"comment_status":"open","ping_status":"open","sticky":false,"template":"","format":"standard","meta":{"footnotes":""},"categories":[6],"tags":[],"class_list":["post-5521","post","type-post","status-publish","format-standard","has-post-thumbnail","hentry","category-regionales"],"_links":{"self":[{"href":"https:\/\/www.radiolimari.cl\/index.php?rest_route=\/wp\/v2\/posts\/5521","targetHints":{"allow":["GET"]}}],"collection":[{"href":"https:\/\/www.radiolimari.cl\/index.php?rest_route=\/wp\/v2\/posts"}],"about":[{"href":"https:\/\/www.radiolimari.cl\/index.php?rest_route=\/wp\/v2\/types\/post"}],"author":[{"embeddable":true,"href":"https:\/\/www.radiolimari.cl\/index.php?rest_route=\/wp\/v2\/users\/2"}],"replies":[{"embeddable":true,"href":"https:\/\/www.radiolimari.cl\/index.php?rest_route=%2Fwp%2Fv2%2Fcomments&post=5521"}],"version-history":[{"count":1,"href":"https:\/\/www.radiolimari.cl\/index.php?rest_route=\/wp\/v2\/posts\/5521\/revisions"}],"predecessor-version":[{"id":5524,"href":"https:\/\/www.radiolimari.cl\/index.php?rest_route=\/wp\/v2\/posts\/5521\/revisions\/5524"}],"wp:featuredmedia":[{"embeddable":true,"href":"https:\/\/www.radiolimari.cl\/index.php?rest_route=\/wp\/v2\/media\/5523"}],"wp:attachment":[{"href":"https:\/\/www.radiolimari.cl\/index.php?rest_route=%2Fwp%2Fv2%2Fmedia&parent=5521"}],"wp:term":[{"taxonomy":"category","embeddable":true,"href":"https:\/\/www.radiolimari.cl\/index.php?rest_route=%2Fwp%2Fv2%2Fcategories&post=5521"},{"taxonomy":"post_tag","embeddable":true,"href":"https:\/\/www.radiolimari.cl\/index.php?rest_route=%2Fwp%2Fv2%2Ftags&post=5521"}],"curies":[{"name":"wp","href":"https:\/\/api.w.org\/{rel}","templated":true}]}}