{"id":5516,"date":"2021-08-05T13:17:06","date_gmt":"2021-08-05T13:17:06","guid":{"rendered":"http:\/\/www.radiolimari.cl\/?p=5516"},"modified":"2021-08-05T13:18:55","modified_gmt":"2021-08-05T13:18:55","slug":"n-la-comuna-de-ovalle-parque-nacional-bosque-fray-jorge-recibe-recertificacion-como-reserva-starlight","status":"publish","type":"post","link":"https:\/\/www.radiolimari.cl\/?p=5516","title":{"rendered":"En la Comuna de Ovalle Parque Nacional Bosque Fray Jorge recibe recertificaci\u00f3n como Reserva Starlight"},"content":{"rendered":"<p>&nbsp;<\/p>\n<p><a href=\"https:\/\/www.radiolimari.cl\/wp-content\/uploads\/2021\/08\/5.8-fray-orge.jpg\"><img fetchpriority=\"high\" decoding=\"async\" class=\"alignnone size-medium wp-image-5518\" src=\"https:\/\/www.radiolimari.cl\/wp-content\/uploads\/2021\/08\/5.8-fray-orge-300x168.jpg\" alt=\"5.8 fray orge\" width=\"300\" height=\"168\" srcset=\"https:\/\/www.radiolimari.cl\/wp-content\/uploads\/2021\/08\/5.8-fray-orge-300x168.jpg 300w, https:\/\/www.radiolimari.cl\/wp-content\/uploads\/2021\/08\/5.8-fray-orge.jpg 1024w\" sizes=\"(max-width: 300px) 100vw, 300px\" \/><\/a><\/p>\n<p><strong><em>Dicha denominaci\u00f3n es un reconocimiento a la limpieza de su cielo. De esta manera, se impulsa el desarrollo del astroturismo, as\u00ed como un trabajo territorial con las comunidades aleda\u00f1as \u00a0para su preservaci\u00f3n<\/em><\/strong><!--more--><\/p>\n<p>El Parque Nacional Fray Jorge es reconocido por la UNESCO como de los principales ecosistemas del mundo. Su riqueza biol\u00f3gica lo convierte en uno de los principales puntos de inter\u00e9s tur\u00edsticos de la Regi\u00f3n de Coquimbo, Chile y el mundo.<\/p>\n<p>A ello se suman las 280 noches despejadas que registra anualmente.<\/p>\n<p>Un atributo que permiti\u00f3 que Fray Jorge obtuviera la Recertificaci\u00f3n Starlight, gracias al trabajo que impulsara el Gobierno, a trav\u00e9s de Sernatur, Conaf, la Oficina de Protecci\u00f3n de la Calidad del Cielo del Norte de Chile y el Gobierno Regional.<\/p>\n<p>Con ello, se promueve la difusi\u00f3n cultural de la astronom\u00eda y el desarrollo econ\u00f3mico sostenible local a trav\u00e9s del astroturismo, lo que fue destacado por la comunidad aleda\u00f1a al parque. <strong>\u201cEs muy importante este reconocimiento. Que esto vaya avanzando, nos da oportunidades a los emprendedores, sobre todo ahora que estamos en pandemia, pero cuando pase, queremos sacarle provecho\u201d<\/strong>, indic\u00f3 Bernardo Cort\u00e9s, presiente de la comunidad Peral Ojo de Agua.<\/p>\n<p>De esta manera, la Reserva Starlight Fray Jorge asume el compromiso de establecer un modo distinto de cuidar y defender el cielo, de valorarlo como recurso necesario para la vida y como patrimonio intangible de la humanidad.<\/p>\n<p>El subsecretario de Turismo, Jos\u00e9 Luis Uriarte, calific\u00f3 como un \u201cgran orgullo\u201d esta recertificaci\u00f3n, se\u00f1alando que <strong>\u201ces un reconocimiento tanto a los espectaculares cielos que tenemos, los mejores del mundo para la observaci\u00f3n astron\u00f3mica, como tambi\u00e9n al enorme trabajo que la regi\u00f3n ha realizado por proteger este gran patrimonio\u201d<\/strong>. A\u00f1adi\u00f3 que <strong>\u201cla Regi\u00f3n de Coquimbo se ha consolidado como la capital del astroturismo en Chile, concentrando m\u00e1s del 50% de la oferta nacional, y tenemos aqu\u00ed un potencial enorme que debemos seguir desarrollando de forma sustentable para conseguir instalarla como el mejor destino del mundo para la observaci\u00f3n de las estrellas\u201d<\/strong>.<\/p>\n<p>En el proceso de recertificaci\u00f3n se midieron par\u00e1metros como la oscuridad, nitidez y transparencia del cielo.<\/p>\n<p>Para el Delegado Presidencial Regional, Pablo Herman, <strong>\u00abcon esta recertificaci\u00f3n estamos potenciando a Fray Jorge, porque el turismo es clave para la reactivaci\u00f3n econ\u00f3mica. Y con estos estamos reconociendo un gran atributo de un sitio de gran inter\u00e9s regional, nacional e internacional. Es una oportunidad para desarrollar el astroturismo y el trabajo con las comunidades, abriendo un nicho de emprendimiento para ellos y para que m\u00e1s personas vengan a conocer este parque\u00bb<\/strong>.<\/p>\n<p>Mientras que el subsecretario de Agricultura, Jos\u00e9 Ignacio Pinochet, relev\u00f3 la labor que realiza la CONAF, como uno de los 12 servicios del MINAGRI en favor del desarrollo rural. <strong>\u201cAqu\u00ed hay 10 mil hect\u00e1reas que se conservan, que se preservan para Chile y la humanidad, pero antes que nada queremos que esta riqueza natural ayude a las comunidades rurales que viven aqu\u00ed cerca. En tal sentido esta recertificaci\u00f3n ya tiene sus primeros frutos, debido a que el alcalde de Ovalle se comprometi\u00f3 a contratar a dos personas para capacitar a los vecinos para que as\u00ed este reconocimiento se transforme en trabajos, en ingresos, en desarrollo para las comunidades aleda\u00f1as del Parque Nacional Bosque Fray Jorge\u201d<\/strong>, acot\u00f3.<\/p>\n<p>&nbsp;<\/p>\n<p>Este reconocimiento, otorgado por la Fundaci\u00f3n Starlight, es entregado al parque por segunda vez desde 2013, cuando se convirti\u00f3 en la primera reserva de este tipo en Sudam\u00e9rica y la cuarta a nivel mundial, y mantendr\u00e1 hasta 2025.<\/p>\n<p>&nbsp;<\/p>\n<p><strong>\u201cEsto nos da una gran oportunidad en medio de esta pandemia de desarrollar el turismo. El hecho de estar certificados y reconocidos por los cielos limpios nos da algo distinto, algo que nos diferencia de otros parques del pa\u00eds y eso debemos aprovecharlo\u201d<\/strong>, coment\u00f3 el Alcalde de Ovalle, Claudio Renter\u00eda.<\/p>\n<p>&nbsp;<\/p>\n<p>Cabe destacar que Chile es considerado el mejor lugar para la observaci\u00f3n del cosmos, gracias a las m\u00e1s de 300 noches despejadas. Adem\u00e1s, se estima que en los pr\u00f3ximos a\u00f1os m\u00e1s de 70% de la observaci\u00f3n astron\u00f3mica mundial se realizar\u00e1 desde nuestro pa\u00eds.<\/p>\n<p><strong>\u00a0<\/strong><\/p>\n","protected":false},"excerpt":{"rendered":"<p>&nbsp; Dicha denominaci\u00f3n es un reconocimiento a la limpieza de su cielo. De esta manera, se impulsa el desarrollo del astroturismo, as\u00ed como un trabajo territorial con las comunidades aleda\u00f1as \u00a0para su preservaci\u00f3n<\/p>\n","protected":false},"author":2,"featured_media":5517,"comment_status":"open","ping_status":"open","sticky":false,"template":"","format":"standard","meta":{"footnotes":""},"categories":[6],"tags":[],"class_list":["post-5516","post","type-post","status-publish","format-standard","has-post-thumbnail","hentry","category-regionales"],"_links":{"self":[{"href":"https:\/\/www.radiolimari.cl\/index.php?rest_route=\/wp\/v2\/posts\/5516","targetHints":{"allow":["GET"]}}],"collection":[{"href":"https:\/\/www.radiolimari.cl\/index.php?rest_route=\/wp\/v2\/posts"}],"about":[{"href":"https:\/\/www.radiolimari.cl\/index.php?rest_route=\/wp\/v2\/types\/post"}],"author":[{"embeddable":true,"href":"https:\/\/www.radiolimari.cl\/index.php?rest_route=\/wp\/v2\/users\/2"}],"replies":[{"embeddable":true,"href":"https:\/\/www.radiolimari.cl\/index.php?rest_route=%2Fwp%2Fv2%2Fcomments&post=5516"}],"version-history":[{"count":2,"href":"https:\/\/www.radiolimari.cl\/index.php?rest_route=\/wp\/v2\/posts\/5516\/revisions"}],"predecessor-version":[{"id":5520,"href":"https:\/\/www.radiolimari.cl\/index.php?rest_route=\/wp\/v2\/posts\/5516\/revisions\/5520"}],"wp:featuredmedia":[{"embeddable":true,"href":"https:\/\/www.radiolimari.cl\/index.php?rest_route=\/wp\/v2\/media\/5517"}],"wp:attachment":[{"href":"https:\/\/www.radiolimari.cl\/index.php?rest_route=%2Fwp%2Fv2%2Fmedia&parent=5516"}],"wp:term":[{"taxonomy":"category","embeddable":true,"href":"https:\/\/www.radiolimari.cl\/index.php?rest_route=%2Fwp%2Fv2%2Fcategories&post=5516"},{"taxonomy":"post_tag","embeddable":true,"href":"https:\/\/www.radiolimari.cl\/index.php?rest_route=%2Fwp%2Fv2%2Ftags&post=5516"}],"curies":[{"name":"wp","href":"https:\/\/api.w.org\/{rel}","templated":true}]}}