{"id":5504,"date":"2021-08-03T21:31:37","date_gmt":"2021-08-03T21:31:37","guid":{"rendered":"http:\/\/www.radiolimari.cl\/?p=5504"},"modified":"2021-08-03T21:31:37","modified_gmt":"2021-08-03T21:31:37","slug":"coronavirus-martes-3-de-agosto-positividad-regional-alcanza-un-2-6-en-la-ultima-semana","status":"publish","type":"post","link":"https:\/\/www.radiolimari.cl\/?p=5504","title":{"rendered":"#CoronaVirus, Martes 3 de Agosto: Positividad regional alcanza un 2.6% en la \u00faltima semana"},"content":{"rendered":"<p><a href=\"https:\/\/www.radiolimari.cl\/wp-content\/uploads\/2021\/08\/3.8-balance-salud.jpeg\"><img fetchpriority=\"high\" decoding=\"async\" class=\"alignnone size-medium wp-image-5505\" src=\"https:\/\/www.radiolimari.cl\/wp-content\/uploads\/2021\/08\/3.8-balance-salud-300x224.jpeg\" alt=\"3.8 balance salud\" width=\"300\" height=\"224\" srcset=\"https:\/\/www.radiolimari.cl\/wp-content\/uploads\/2021\/08\/3.8-balance-salud-300x224.jpeg 300w, https:\/\/www.radiolimari.cl\/wp-content\/uploads\/2021\/08\/3.8-balance-salud-1024x766.jpeg 1024w, https:\/\/www.radiolimari.cl\/wp-content\/uploads\/2021\/08\/3.8-balance-salud.jpeg 1280w\" sizes=\"(max-width: 300px) 100vw, 300px\" \/><\/a><\/p>\n<ul>\n<li><strong><em>Por su parte, se anunciaron 9 casos nuevos de Coronavirus en la regi\u00f3n de Coquimbo<\/em><\/strong><\/li>\n<\/ul>\n<p><!--more--><\/p>\n<p>Autoridades de salud entregaron un nuevo balance sanitario en relaci\u00f3n a la situaci\u00f3n local del Coronavirus, destacando la actual situaci\u00f3n epidemiol\u00f3gica de la regi\u00f3n.<\/p>\n<p>&nbsp;<\/p>\n<p>\u201cHoy me gustar\u00eda puntualizar en los favorables indicadores epidemiol\u00f3gicos que presenta actualmente la regi\u00f3n de Coquimbo. A nivel regional, actualmente tenemos una positividad del 2.6% durante la \u00faltima semana. Mientras que la tasa de casos activos, se mantiene en 42\u201d, se\u00f1al\u00f3 el Seremi de Salud, Alejandro Garc\u00eda.<\/p>\n<p>&nbsp;<\/p>\n<p>En ese sentido, la autoridad sanitaria reiter\u00f3 el llamado a la responsabilidad de la poblaci\u00f3n.<\/p>\n<p>&nbsp;<\/p>\n<p>\u201cSi bien son cifras positivas, no debemos relajarnos y es importante continuar con las medidas sanitarias preventivas en todo momento y lugar, respetar los aforos, evitar las aglomeraciones y hacer buen uso del pase de movilidad. Depende de todos que evitemos la propagaci\u00f3n del virus y un aumento de contagios a nivel regional\u201d, agreg\u00f3.<\/p>\n<p>&nbsp;<\/p>\n<p><strong>\u00a0<\/strong><\/p>\n<p><strong>Balance Sanitario <\/strong><\/p>\n<p>&nbsp;<\/p>\n<p>En relaci\u00f3n al balance sanitario, para hoy se informaron, \u201c9 casos nuevos de Coronavirus, 4 de Coquimbo, 2 de Illapel, 2 de Los Vilos y 1 de Monte Patria. Con esto, se contabilizan 47.718 casos acumulados, con 319 contagios activos\u201d, finaliz\u00f3 el Seremi Garc\u00eda.<\/p>\n<p>&nbsp;<\/p>\n<p>Por su parte, la estrategia de Residencias Sanitarias presenta una ocupaci\u00f3n de un 28% con 172 habitaciones disponibles, en los 6 recintos habilitados a nivel regional.<\/p>\n<p><strong>\u00a0<\/strong><\/p>\n<p><strong>BALANCE REGI\u00d3N DE COQUIMBO<\/strong><\/p>\n<p>Martes 03 de agosto del 2021<\/p>\n<p>9 casos nuevos<\/p>\n<p>47.718 casos acumulados<\/p>\n<p>319 casos activos<\/p>\n<p>940 fallecidos<\/p>\n<p>Residencias Sanitarias:28% de ocupaci\u00f3n<\/p>\n<p>Detalle Casos Nuevos:<\/p>\n<ul>\n<li>04 de Coquimbo<\/li>\n<li>02 de Illapel<\/li>\n<li>02 de Los Vilos<\/li>\n<li>01 de Monte Patria<\/li>\n<\/ul>\n","protected":false},"excerpt":{"rendered":"<p>Por su parte, se anunciaron 9 casos nuevos de Coronavirus en la regi\u00f3n de Coquimbo<\/p>\n","protected":false},"author":2,"featured_media":5445,"comment_status":"open","ping_status":"open","sticky":false,"template":"","format":"standard","meta":{"footnotes":""},"categories":[6],"tags":[],"class_list":["post-5504","post","type-post","status-publish","format-standard","has-post-thumbnail","hentry","category-regionales"],"_links":{"self":[{"href":"https:\/\/www.radiolimari.cl\/index.php?rest_route=\/wp\/v2\/posts\/5504","targetHints":{"allow":["GET"]}}],"collection":[{"href":"https:\/\/www.radiolimari.cl\/index.php?rest_route=\/wp\/v2\/posts"}],"about":[{"href":"https:\/\/www.radiolimari.cl\/index.php?rest_route=\/wp\/v2\/types\/post"}],"author":[{"embeddable":true,"href":"https:\/\/www.radiolimari.cl\/index.php?rest_route=\/wp\/v2\/users\/2"}],"replies":[{"embeddable":true,"href":"https:\/\/www.radiolimari.cl\/index.php?rest_route=%2Fwp%2Fv2%2Fcomments&post=5504"}],"version-history":[{"count":1,"href":"https:\/\/www.radiolimari.cl\/index.php?rest_route=\/wp\/v2\/posts\/5504\/revisions"}],"predecessor-version":[{"id":5506,"href":"https:\/\/www.radiolimari.cl\/index.php?rest_route=\/wp\/v2\/posts\/5504\/revisions\/5506"}],"wp:featuredmedia":[{"embeddable":true,"href":"https:\/\/www.radiolimari.cl\/index.php?rest_route=\/wp\/v2\/media\/5445"}],"wp:attachment":[{"href":"https:\/\/www.radiolimari.cl\/index.php?rest_route=%2Fwp%2Fv2%2Fmedia&parent=5504"}],"wp:term":[{"taxonomy":"category","embeddable":true,"href":"https:\/\/www.radiolimari.cl\/index.php?rest_route=%2Fwp%2Fv2%2Fcategories&post=5504"},{"taxonomy":"post_tag","embeddable":true,"href":"https:\/\/www.radiolimari.cl\/index.php?rest_route=%2Fwp%2Fv2%2Ftags&post=5504"}],"curies":[{"name":"wp","href":"https:\/\/api.w.org\/{rel}","templated":true}]}}