{"id":5500,"date":"2021-08-03T21:23:01","date_gmt":"2021-08-03T21:23:01","guid":{"rendered":"http:\/\/www.radiolimari.cl\/?p=5500"},"modified":"2021-08-03T21:23:01","modified_gmt":"2021-08-03T21:23:01","slug":"en-ovalle-modifican-horarios-y-aforos-del-polideportivo-angel-marentis-rallin","status":"publish","type":"post","link":"https:\/\/www.radiolimari.cl\/?p=5500","title":{"rendered":"En Ovalle modifican horarios y aforos del Polideportivo \u00c1ngel Marentis Rall\u00edn"},"content":{"rendered":"<p><a href=\"https:\/\/www.radiolimari.cl\/wp-content\/uploads\/2021\/08\/3.8-Clases-de-Ubound-Polideportivo-Angel-Marentis-Rall\u00edn.png\"><img fetchpriority=\"high\" decoding=\"async\" class=\"alignnone size-medium wp-image-5501\" src=\"https:\/\/www.radiolimari.cl\/wp-content\/uploads\/2021\/08\/3.8-Clases-de-Ubound-Polideportivo-Angel-Marentis-Rall\u00edn-300x168.png\" alt=\"3.8 Clases de Ubound Polideportivo Angel Marentis Rall\u00edn\" width=\"300\" height=\"168\" srcset=\"https:\/\/www.radiolimari.cl\/wp-content\/uploads\/2021\/08\/3.8-Clases-de-Ubound-Polideportivo-Angel-Marentis-Rall\u00edn-300x168.png 300w, https:\/\/www.radiolimari.cl\/wp-content\/uploads\/2021\/08\/3.8-Clases-de-Ubound-Polideportivo-Angel-Marentis-Rall\u00edn-1024x576.png 1024w, https:\/\/www.radiolimari.cl\/wp-content\/uploads\/2021\/08\/3.8-Clases-de-Ubound-Polideportivo-Angel-Marentis-Rall\u00edn.png 1920w\" sizes=\"(max-width: 300px) 100vw, 300px\" \/><\/a><\/p>\n<p>&nbsp;<\/p>\n<p><strong><em>Debido a la Fase de Preparaci\u00f3n en la que se encuentra la comuna de Ovalle, el recinto deportivo municipal modific\u00f3 sus horarios y aforos para que m\u00e1s personas puedan asistir a las clases, que se imparten diariamente. Los interesados en participar deben reservar cupos por v\u00eda telef\u00f3nica.<\/em><\/strong><!--more--><\/p>\n<p>La actividad f\u00edsica es esencial en tiempos de pandemia, tanto para mantenernos activos, como tambi\u00e9n para proteger nuestra salud mental. Es por esta raz\u00f3n, que el Polideportivo \u00c1ngel Marentis Rall\u00edn modific\u00f3 sus horarios de funcionamiento y ampli\u00f3 sus aforos, con el fin de que m\u00e1s personas puedan participar de las clases de las diferentes disciplinas, que se imparten diariamente en el recinto municipal ubicado en la poblaci\u00f3n Anfa, en la parte alta de Ovalle.<\/p>\n<p>Los d\u00edas martes se realizar\u00e1n talleres de Wod Calistenia a las 9.00 horas, Zumba, en el frontis del recinto, a las 10:30 horas y GAP en la multicancha a las 10:30 horas. En tanto, en la jornada de la tarde se llevar\u00e1n a cabo clases de H.I.I.T en la multicancha a las 19:00 horas. Los mi\u00e9rcoles comenzar\u00e1n a las 9.00 horas con clases de Ubound y a las 10:30 horas, en la multicancha, se iniciar\u00e1 el taller de Yoga. En la tarde a las 15.00 horas comenzar\u00e1n las clases de Cheerleaders.<\/p>\n<p>El jueves se desarrollar\u00e1n clases de Wod Calistenia y Full Body desde las 9.00 horas y por la tarde se impartir\u00e1 un taller de Yoga a las 18.00 horas, y Ubound y Zumba, desde las 19.15 horas. Los viernes partir\u00e1n con WOD a las 9.00 horas y Acondicionamiento F\u00edsico desde las 10.30 horas. Finalmente, los d\u00edas s\u00e1bado se realizar\u00e1n talleres de H.I.P.T y Calistenia desde las 9.00 horas y Acondicionamiento F\u00edsico y Pilates a las 10:30 horas.<\/p>\n<p>El encargado de los recintos deportivos municipales de Ovalle, Cristi\u00e1n Rodr\u00edguez indic\u00f3 que \u201cnosotros queremos que las personas realicen actividades deportivas porque son muy importantes en nuestra vida diaria, pero siempre manteniendo los cuidados que debemos tener debido a la pandemia, como el uso de mascarilla y el distanciamiento social y cumpliendo con todos los protocolos exigidos en cada uno de nuestros recintos, para cuidarnos entre todos\u201d.<\/p>\n<p>Los interesados en participar en los talleres deber\u00e1n inscribirse v\u00eda telef\u00f3nica en el tel\u00e9fono +569 68494299 de lunes a viernes de 9.00 a 13.00 horas. Cada clase tendr\u00e1 un aforo m\u00e1ximo de 25 personas con y sin pase de movilidad.<\/p>\n<p>&nbsp;<\/p>\n","protected":false},"excerpt":{"rendered":"<p>&nbsp; Debido a la Fase de Preparaci\u00f3n en la que se encuentra la comuna de Ovalle, el recinto deportivo municipal modific\u00f3 sus horarios y aforos para que m\u00e1s personas puedan asistir a las clases, que se imparten diariamente. Los interesados en participar deben reservar cupos por v\u00eda telef\u00f3nica.<\/p>\n","protected":false},"author":2,"featured_media":5501,"comment_status":"open","ping_status":"open","sticky":false,"template":"","format":"standard","meta":{"footnotes":""},"categories":[5],"tags":[],"class_list":["post-5500","post","type-post","status-publish","format-standard","has-post-thumbnail","hentry","category-actualidad-limarina"],"_links":{"self":[{"href":"https:\/\/www.radiolimari.cl\/index.php?rest_route=\/wp\/v2\/posts\/5500","targetHints":{"allow":["GET"]}}],"collection":[{"href":"https:\/\/www.radiolimari.cl\/index.php?rest_route=\/wp\/v2\/posts"}],"about":[{"href":"https:\/\/www.radiolimari.cl\/index.php?rest_route=\/wp\/v2\/types\/post"}],"author":[{"embeddable":true,"href":"https:\/\/www.radiolimari.cl\/index.php?rest_route=\/wp\/v2\/users\/2"}],"replies":[{"embeddable":true,"href":"https:\/\/www.radiolimari.cl\/index.php?rest_route=%2Fwp%2Fv2%2Fcomments&post=5500"}],"version-history":[{"count":1,"href":"https:\/\/www.radiolimari.cl\/index.php?rest_route=\/wp\/v2\/posts\/5500\/revisions"}],"predecessor-version":[{"id":5502,"href":"https:\/\/www.radiolimari.cl\/index.php?rest_route=\/wp\/v2\/posts\/5500\/revisions\/5502"}],"wp:featuredmedia":[{"embeddable":true,"href":"https:\/\/www.radiolimari.cl\/index.php?rest_route=\/wp\/v2\/media\/5501"}],"wp:attachment":[{"href":"https:\/\/www.radiolimari.cl\/index.php?rest_route=%2Fwp%2Fv2%2Fmedia&parent=5500"}],"wp:term":[{"taxonomy":"category","embeddable":true,"href":"https:\/\/www.radiolimari.cl\/index.php?rest_route=%2Fwp%2Fv2%2Fcategories&post=5500"},{"taxonomy":"post_tag","embeddable":true,"href":"https:\/\/www.radiolimari.cl\/index.php?rest_route=%2Fwp%2Fv2%2Ftags&post=5500"}],"curies":[{"name":"wp","href":"https:\/\/api.w.org\/{rel}","templated":true}]}}