{"id":5493,"date":"2021-08-02T20:19:07","date_gmt":"2021-08-02T20:19:07","guid":{"rendered":"http:\/\/www.radiolimari.cl\/?p=5493"},"modified":"2021-08-02T20:19:07","modified_gmt":"2021-08-02T20:19:07","slug":"ovalle-bordea-el-80-de-la-poblacion-objetivo-con-segunda-dosis-de-la-vacuna-contra-el-covid-19","status":"publish","type":"post","link":"https:\/\/www.radiolimari.cl\/?p=5493","title":{"rendered":"Ovalle bordea el 80% de la poblaci\u00f3n objetivo con segunda dosis de la vacuna contra el Covid-19"},"content":{"rendered":"<p><a href=\"https:\/\/www.radiolimari.cl\/wp-content\/uploads\/2021\/08\/2.8-Vacunaci\u00f3n-2-de-agosto-2.jpg\"><img fetchpriority=\"high\" decoding=\"async\" class=\"alignnone size-medium wp-image-5494\" src=\"https:\/\/www.radiolimari.cl\/wp-content\/uploads\/2021\/08\/2.8-Vacunaci\u00f3n-2-de-agosto-2-300x168.jpg\" alt=\"2.8 Vacunaci\u00f3n 2 de agosto 2\" width=\"300\" height=\"168\" srcset=\"https:\/\/www.radiolimari.cl\/wp-content\/uploads\/2021\/08\/2.8-Vacunaci\u00f3n-2-de-agosto-2-300x168.jpg 300w, https:\/\/www.radiolimari.cl\/wp-content\/uploads\/2021\/08\/2.8-Vacunaci\u00f3n-2-de-agosto-2-1024x576.jpg 1024w, https:\/\/www.radiolimari.cl\/wp-content\/uploads\/2021\/08\/2.8-Vacunaci\u00f3n-2-de-agosto-2.jpg 1920w\" sizes=\"(max-width: 300px) 100vw, 300px\" \/><\/a><\/p>\n<p><strong><em>En tanto, un 89,4% de la poblaci\u00f3n ovallina cuenta con la primera dosis de la vacuna contra el Covid-19 y el 79,4% complet\u00f3 su esquema de inoculaci\u00f3n. Durante esta semana no se aplicar\u00e1n primeras dosis a menores de 18 a\u00f1os. <\/em><\/strong><!--more--><\/p>\n<p>80.348 personas integrantes de la \u201cpoblaci\u00f3n objetivo\u201d de la campa\u00f1a de vacunaci\u00f3n contra el Covid-19 en Ovalle cuentan con su primera dosis, cifra que corresponde al 89.4%. En tanto, 74.077 ovallinas y ovallinos, equivalente al 79,3%, completaron su esquema con ambas vacunas o con la dosis \u00fanica de Cansino.<\/p>\n<p>Esta es la realidad que vive actualmente la comuna de Ovalle en lo que respecta al proceso de vacunaci\u00f3n, momento en que la capital limarina se encuentra en Fase de Preparaci\u00f3n adportas de un posible avance a Fase de Apertura Inicial, situaci\u00f3n en la que, claramente, ha incidido el proceso de inoculaci\u00f3n.<\/p>\n<p>Desde el ministerio de Salud se hizo un llamado a todas las comunas del pa\u00eds a cumplir estrictamente el calendario de vacunaci\u00f3n para esta semana, donde hay algunas variaciones. Los d\u00edas lunes 2 y martes 3 de agosto se administrar\u00e1n las segundas dosis a la poblaci\u00f3n vacunada con Sinovac y la primera dosis a los rezagados desde los 18 a\u00f1os, y no se aplicar\u00e1n primeras dosis a menores de 18 a\u00f1os. En tanto, desde el mi\u00e9rcoles 4 hasta el viernes 6 de agosto, se aplicar\u00e1 la segunda dosis de Pfizer a la poblaci\u00f3n vacunada hasta el 27 de junio y la segunda dosis de Pfizer a la poblaci\u00f3n que se inocul\u00f3 con AztraZeneca hasta el 27 de junio. Durante estas tres jornadas no se aplicar\u00e1n primeras dosis a personas de ninguna edad. A esta poblaci\u00f3n se suman las mujeres embarazadas, a partir de las 16 semanas de gestaci\u00f3n.<\/p>\n<p>\u201cHa habido un aumento de asistencia al centro de vacunaci\u00f3n, sobretodo los menores de 17 a\u00f1os que presentan enfermedades cardiovasculares y los menores de 14 a 17 a\u00f1os asistieron la semana pasada y tambi\u00e9n en este grupo etario hubo un aumento\u201d indic\u00f3 la enfermera encargada de la vacunaci\u00f3n en el Estadio Municipal Diaguita, Tania Tirado.<\/p>\n<p>El alcalde Claudio Renter\u00eda sostuvo que los equipos del departamento de Salud \u201chan hecho una labor digna de destacar, puesto que no hemos tenido mayores problemas en nuestro centro de vacunaci\u00f3n que habilitamos en el Estadio Municipal Diaguita, donde hemos tenido positivos resultados, alcanzando casi el 90% de la poblaci\u00f3n objetivo con primera dosis y bordeando el 80% con el esquema completo de inoculaci\u00f3n. El llamado siempre es a vacunarse y a revisar el calendario del ministerio de Salud y de esta forma protegernos y ganarle la lucha a esta pandemia e ir retomando paulatinamente nuestras actividades\u201d indic\u00f3 el alcalde de Ovalle, Claudio Renter\u00eda.<\/p>\n<p><strong>\u00a0<\/strong><\/p>\n<p><strong>Vacunaci\u00f3n d\u00edas s\u00e1bado <\/strong><\/p>\n<p>La semana reci\u00e9n pasada se inici\u00f3 el proceso de vacunaci\u00f3n contra el Covid-19 los d\u00edas s\u00e1bado. Los equipos del departamento de Salud Municipal estar\u00e1n en dependencias del Open Plaza Ovalle, durante el mes de agosto, de 10.00 a 13.00 horas, donde podr\u00e1n asistir quienes cumplan con los requisitos y rango etario indicado en el calendario de vacunaci\u00f3n correspondiente a la semana de entre el 2 y el 6 de agosto.<\/p>\n<p>&nbsp;<\/p>\n<p>&nbsp;<\/p>\n","protected":false},"excerpt":{"rendered":"<p>En tanto, un 89,4% de la poblaci\u00f3n ovallina cuenta con la primera dosis de la vacuna contra el Covid-19 y el 79,4% complet\u00f3 su esquema de inoculaci\u00f3n. Durante esta semana no se aplicar\u00e1n primeras dosis a menores de 18 a\u00f1os.<\/p>\n","protected":false},"author":2,"featured_media":5494,"comment_status":"open","ping_status":"open","sticky":false,"template":"","format":"standard","meta":{"footnotes":""},"categories":[5],"tags":[],"class_list":["post-5493","post","type-post","status-publish","format-standard","has-post-thumbnail","hentry","category-actualidad-limarina"],"_links":{"self":[{"href":"https:\/\/www.radiolimari.cl\/index.php?rest_route=\/wp\/v2\/posts\/5493","targetHints":{"allow":["GET"]}}],"collection":[{"href":"https:\/\/www.radiolimari.cl\/index.php?rest_route=\/wp\/v2\/posts"}],"about":[{"href":"https:\/\/www.radiolimari.cl\/index.php?rest_route=\/wp\/v2\/types\/post"}],"author":[{"embeddable":true,"href":"https:\/\/www.radiolimari.cl\/index.php?rest_route=\/wp\/v2\/users\/2"}],"replies":[{"embeddable":true,"href":"https:\/\/www.radiolimari.cl\/index.php?rest_route=%2Fwp%2Fv2%2Fcomments&post=5493"}],"version-history":[{"count":1,"href":"https:\/\/www.radiolimari.cl\/index.php?rest_route=\/wp\/v2\/posts\/5493\/revisions"}],"predecessor-version":[{"id":5495,"href":"https:\/\/www.radiolimari.cl\/index.php?rest_route=\/wp\/v2\/posts\/5493\/revisions\/5495"}],"wp:featuredmedia":[{"embeddable":true,"href":"https:\/\/www.radiolimari.cl\/index.php?rest_route=\/wp\/v2\/media\/5494"}],"wp:attachment":[{"href":"https:\/\/www.radiolimari.cl\/index.php?rest_route=%2Fwp%2Fv2%2Fmedia&parent=5493"}],"wp:term":[{"taxonomy":"category","embeddable":true,"href":"https:\/\/www.radiolimari.cl\/index.php?rest_route=%2Fwp%2Fv2%2Fcategories&post=5493"},{"taxonomy":"post_tag","embeddable":true,"href":"https:\/\/www.radiolimari.cl\/index.php?rest_route=%2Fwp%2Fv2%2Ftags&post=5493"}],"curies":[{"name":"wp","href":"https:\/\/api.w.org\/{rel}","templated":true}]}}