{"id":5490,"date":"2021-08-02T19:33:40","date_gmt":"2021-08-02T19:33:40","guid":{"rendered":"http:\/\/www.radiolimari.cl\/?p=5490"},"modified":"2021-08-02T19:33:40","modified_gmt":"2021-08-02T19:33:40","slug":"diputado-nunez-pide-plan-de-reactivacion-para-la-pequena-mineria","status":"publish","type":"post","link":"https:\/\/www.radiolimari.cl\/?p=5490","title":{"rendered":"DIPUTADO N\u00da\u00d1EZ PIDE PLAN DE REACTIVACI\u00d3N PARA LA PEQUE\u00d1A MINER\u00cdA"},"content":{"rendered":"<p><a href=\"https:\/\/www.radiolimari.cl\/wp-content\/uploads\/2021\/08\/2.8-daniel-nu\u00f1ez.jpg\"><img fetchpriority=\"high\" decoding=\"async\" class=\"alignnone size-medium wp-image-5491\" src=\"https:\/\/www.radiolimari.cl\/wp-content\/uploads\/2021\/08\/2.8-daniel-nu\u00f1ez-300x225.jpg\" alt=\"2.8 daniel nu\u00f1ez\" width=\"300\" height=\"225\" srcset=\"https:\/\/www.radiolimari.cl\/wp-content\/uploads\/2021\/08\/2.8-daniel-nu\u00f1ez-300x225.jpg 300w, https:\/\/www.radiolimari.cl\/wp-content\/uploads\/2021\/08\/2.8-daniel-nu\u00f1ez-1024x768.jpg 1024w\" sizes=\"(max-width: 300px) 100vw, 300px\" \/><\/a><\/p>\n<p><span style=\"color: #222222;\">El diputado Daniel N\u00fa\u00f1ez se reuni\u00f3 con el sindicato de pirquineros de Montepatria y se comprometi\u00f3 a proponer un Plan de Reactivaci\u00f3n para la peque\u00f1a miner\u00eda, debido al duro golpe que ha recibido por la pandemia.\u00a0<\/span><!--more--><\/p>\n<div style=\"color: #222222;\">En Monte Patria hay unas 15 minas que est\u00e1n a la espera, con fondos, para empezar a trabajar. Son 5 personas por mina que est\u00e1n esperando para comenzar la faena. Sin embargo, Enami no est\u00e1 facilitando recursos para las minas que no han producido anteriormente.<\/div>\n<div style=\"color: #222222;\"><\/div>\n<div style=\"color: #222222;\">\n<div>El diputado N\u00fa\u00f1ez se\u00f1al\u00f3 que \u00abes importante apoyar a la peque\u00f1a miner\u00eda porque se reactivan zonas como Montepatria, Punitaqui, Ovalle entre otras. Yo propondr\u00e9 un plan especial para el pr\u00f3ximo a\u00f1o con subsidios y cr\u00e9ditos blandos para que llegue a los peque\u00f1os mineros y necesitaremos una serie de entrevistas con las autoridades para que estas demandas sean escuchadas\u00bb.<\/div>\n<\/div>\n<div style=\"color: #222222;\"><\/div>\n<div style=\"color: #222222;\">Mart\u00edn Santos, pdte del sindicato explic\u00f3 que \u00abah\u00ed tenemos siempre el problema, el Estado no nos apoya. Creo que deber\u00eda ser un plan regional, m\u00e1s que en Montepatria. Necesitamos apoyo, necesitamos m\u00e1s recursos para empezar nuestras faenas, producir y generar una cadena de empleo. Debo se\u00f1alar que la miner\u00eda va hacia arriba y la agricultura est\u00e1 bajando su ritmo debido a la poca cantidad de agua, entonces ac\u00e1 el Gobierno debe inyectar recursos porque habr\u00e1 mucho cesante agricultor\u00bb.<\/div>\n<div style=\"color: #222222;\"><\/div>\n<div style=\"color: #222222;\">El concejal de Montepatria, Brayan Castillo indic\u00f3 que \u00abLos pirquineros han estado en el olvido mucho tiempo. Este trabajo ancestral, necesita apoyo y desde el Municipio esperamos trabajar con ellos para ayudarlos y lo haremos formaliz\u00e1ndolos, iniciando sus actividades, as\u00ed pueden tener beneficios tributarios y optar a las ayudas sociales\u00bb.<\/div>\n","protected":false},"excerpt":{"rendered":"<p>El diputado Daniel N\u00fa\u00f1ez se reuni\u00f3 con el sindicato de pirquineros de Montepatria y se comprometi\u00f3 a proponer un Plan de Reactivaci\u00f3n para la peque\u00f1a miner\u00eda, debido al duro golpe que ha recibido por la pandemia.\u00a0<\/p>\n","protected":false},"author":2,"featured_media":5491,"comment_status":"open","ping_status":"open","sticky":false,"template":"","format":"standard","meta":{"footnotes":""},"categories":[3],"tags":[],"class_list":["post-5490","post","type-post","status-publish","format-standard","has-post-thumbnail","hentry","category-actualidad"],"_links":{"self":[{"href":"https:\/\/www.radiolimari.cl\/index.php?rest_route=\/wp\/v2\/posts\/5490","targetHints":{"allow":["GET"]}}],"collection":[{"href":"https:\/\/www.radiolimari.cl\/index.php?rest_route=\/wp\/v2\/posts"}],"about":[{"href":"https:\/\/www.radiolimari.cl\/index.php?rest_route=\/wp\/v2\/types\/post"}],"author":[{"embeddable":true,"href":"https:\/\/www.radiolimari.cl\/index.php?rest_route=\/wp\/v2\/users\/2"}],"replies":[{"embeddable":true,"href":"https:\/\/www.radiolimari.cl\/index.php?rest_route=%2Fwp%2Fv2%2Fcomments&post=5490"}],"version-history":[{"count":1,"href":"https:\/\/www.radiolimari.cl\/index.php?rest_route=\/wp\/v2\/posts\/5490\/revisions"}],"predecessor-version":[{"id":5492,"href":"https:\/\/www.radiolimari.cl\/index.php?rest_route=\/wp\/v2\/posts\/5490\/revisions\/5492"}],"wp:featuredmedia":[{"embeddable":true,"href":"https:\/\/www.radiolimari.cl\/index.php?rest_route=\/wp\/v2\/media\/5491"}],"wp:attachment":[{"href":"https:\/\/www.radiolimari.cl\/index.php?rest_route=%2Fwp%2Fv2%2Fmedia&parent=5490"}],"wp:term":[{"taxonomy":"category","embeddable":true,"href":"https:\/\/www.radiolimari.cl\/index.php?rest_route=%2Fwp%2Fv2%2Fcategories&post=5490"},{"taxonomy":"post_tag","embeddable":true,"href":"https:\/\/www.radiolimari.cl\/index.php?rest_route=%2Fwp%2Fv2%2Ftags&post=5490"}],"curies":[{"name":"wp","href":"https:\/\/api.w.org\/{rel}","templated":true}]}}