{"id":5486,"date":"2021-08-02T19:10:09","date_gmt":"2021-08-02T19:10:09","guid":{"rendered":"http:\/\/www.radiolimari.cl\/?p=5486"},"modified":"2021-08-02T19:10:54","modified_gmt":"2021-08-02T19:10:54","slug":"coronavirus-lunes-2-de-agosto-balance-sanitario-cuatro-comunas-de-la-region-avanzan-en-el-plan-paso-a-paso","status":"publish","type":"post","link":"https:\/\/www.radiolimari.cl\/?p=5486","title":{"rendered":"#CORONAVIRUS, Lunes 2 de Agosto: Cuatro comunas de la regi\u00f3n avanzan en el Plan Paso a Paso"},"content":{"rendered":"<p><a href=\"https:\/\/www.radiolimari.cl\/wp-content\/uploads\/2021\/08\/2.8-ssalud.jpeg\"><img fetchpriority=\"high\" decoding=\"async\" class=\"alignnone size-medium wp-image-5487\" src=\"https:\/\/www.radiolimari.cl\/wp-content\/uploads\/2021\/08\/2.8-ssalud-300x225.jpeg\" alt=\"2.8 ssalud\" width=\"300\" height=\"225\" srcset=\"https:\/\/www.radiolimari.cl\/wp-content\/uploads\/2021\/08\/2.8-ssalud-300x225.jpeg 300w, https:\/\/www.radiolimari.cl\/wp-content\/uploads\/2021\/08\/2.8-ssalud-1024x768.jpeg 1024w, https:\/\/www.radiolimari.cl\/wp-content\/uploads\/2021\/08\/2.8-ssalud.jpeg 1280w\" sizes=\"(max-width: 300px) 100vw, 300px\" \/><\/a><\/p>\n<p><strong><em>Tambi\u00e9n se informaron 33 nuevos casos del virus a nivel regional.<\/em><\/strong><!--more--><\/p>\n<p>En un nuevo balance sanitario, autoridades informaron sobre la situaci\u00f3n local por Coronavirus, anunciando nuevos cambios a nivel regional en el Plan Paso a Paso.<\/p>\n<p>\u201cHoy se anunciaron nuevos cambios a nivel regional en el Plan Paso a Paso, es as\u00ed, que, a partir del mi\u00e9rcoles 04 de agosto, a las 05:00 horas, las comunas de Combarbal\u00e1 y Vicu\u00f1a, avanzan a Paso 3 de Preparaci\u00f3n. Mientras que las comunas de Canela y Punitaqui har\u00e1n lo mismo, pero a Paso 4 de Apertura\u201d, se\u00f1al\u00f3 el Seremi de Salud Alejandro Garc\u00eda Carre\u00f1o.<\/p>\n<p>En esa l\u00ednea, la autoridad sanitaria se refiri\u00f3 a los indicadores epidemiol\u00f3gicos en dichas comunas. \u201cTodas estas comunas han presentado indicadores epidemiol\u00f3gicos favorables en los \u00faltimos 14 d\u00edas, principalmente una disminuci\u00f3n en la tasa de casos nuevos: Combarbal\u00e1 con un -19%, Vicu\u00f1a con un -62%, Canela con un -45% y Punitaqui con un -70%\u201d, agreg\u00f3.<\/p>\n<p>De igual manera, el Seremi Garc\u00eda puntualiz\u00f3 que, \u201cel llamado es a seguir cuid\u00e1ndonos, mantener en todo momento y lugar las medidas sanitarias preventivas, s\u00f3lo as\u00ed evitaremos la propagaci\u00f3n del virus y un nuevo retroceso en el Plan Paso a Paso\u201d.<\/p>\n<p><strong>Balance Sanitario<\/strong><\/p>\n<p>Para este 2 de agosto se informaron 5 nuevos fallecidos a causa de Covid_19 en la regi\u00f3n, 1 de Coquimbo, 2 de Canela, 1 de Salamanca y 1 de Combarbal\u00e1.<\/p>\n<p>El balance sanitario para hoy se\u00f1ala, \u201c33 casos nuevos de Coronavirus, 09 de La Serena, 07 de Coquimbo, 3 de Illapel, 1 de Canela, 1 de Los Vilos, 2 de Salamanca, 2 de Ovalle, 1 de Monte Patria, 3 de Punitaqui, 1 de otra regi\u00f3n y 3 sin notificar. Con esto, se contabilizan 47.709 casos acumulados, con 344 contagios activos\u201d, finaliz\u00f3 el Seremi Garc\u00eda.<strong>\u00a0<\/strong><\/p>\n<p><strong>Balance Regional<\/strong><\/p>\n<p><strong>Lunes 2 de agosto del 2021<\/strong><\/p>\n<p>33 casos nuevos<\/p>\n<p>47.709 casos acumulados<\/p>\n<p>344 casos activos<\/p>\n<p>940 fallecidos (5 nuevos, 1 de Coquimbo, 2 de Canela, 1 de Salamanca y 1 de Combarbal\u00e1)<\/p>\n<p>Residencias Sanitarias: 35% de ocupaci\u00f3n<\/p>\n<p>Detalle casos nuevos:<\/p>\n<ul>\n<li>09 de La Serena<\/li>\n<li>\u00a007 de Coquimbo<\/li>\n<li>03 de Illapel<\/li>\n<li>01 de Canela<\/li>\n<li>01 de Los Vilos<\/li>\n<li>02 de Salamanca<\/li>\n<li>02 de Ovalle<\/li>\n<li>01 de Monte Patria<\/li>\n<li>03 de Punitaqui<\/li>\n<li>01 de otra regi\u00f3n<\/li>\n<li>03 sin notificar<\/li>\n<\/ul>\n","protected":false},"excerpt":{"rendered":"<p>Tambi\u00e9n se informaron 33 nuevos casos del virus a nivel regional.<\/p>\n","protected":false},"author":2,"featured_media":5445,"comment_status":"open","ping_status":"open","sticky":false,"template":"","format":"standard","meta":{"footnotes":""},"categories":[6],"tags":[],"class_list":["post-5486","post","type-post","status-publish","format-standard","has-post-thumbnail","hentry","category-regionales"],"_links":{"self":[{"href":"https:\/\/www.radiolimari.cl\/index.php?rest_route=\/wp\/v2\/posts\/5486","targetHints":{"allow":["GET"]}}],"collection":[{"href":"https:\/\/www.radiolimari.cl\/index.php?rest_route=\/wp\/v2\/posts"}],"about":[{"href":"https:\/\/www.radiolimari.cl\/index.php?rest_route=\/wp\/v2\/types\/post"}],"author":[{"embeddable":true,"href":"https:\/\/www.radiolimari.cl\/index.php?rest_route=\/wp\/v2\/users\/2"}],"replies":[{"embeddable":true,"href":"https:\/\/www.radiolimari.cl\/index.php?rest_route=%2Fwp%2Fv2%2Fcomments&post=5486"}],"version-history":[{"count":2,"href":"https:\/\/www.radiolimari.cl\/index.php?rest_route=\/wp\/v2\/posts\/5486\/revisions"}],"predecessor-version":[{"id":5489,"href":"https:\/\/www.radiolimari.cl\/index.php?rest_route=\/wp\/v2\/posts\/5486\/revisions\/5489"}],"wp:featuredmedia":[{"embeddable":true,"href":"https:\/\/www.radiolimari.cl\/index.php?rest_route=\/wp\/v2\/media\/5445"}],"wp:attachment":[{"href":"https:\/\/www.radiolimari.cl\/index.php?rest_route=%2Fwp%2Fv2%2Fmedia&parent=5486"}],"wp:term":[{"taxonomy":"category","embeddable":true,"href":"https:\/\/www.radiolimari.cl\/index.php?rest_route=%2Fwp%2Fv2%2Fcategories&post=5486"},{"taxonomy":"post_tag","embeddable":true,"href":"https:\/\/www.radiolimari.cl\/index.php?rest_route=%2Fwp%2Fv2%2Ftags&post=5486"}],"curies":[{"name":"wp","href":"https:\/\/api.w.org\/{rel}","templated":true}]}}