{"id":5480,"date":"2021-08-02T17:44:15","date_gmt":"2021-08-02T17:44:15","guid":{"rendered":"http:\/\/www.radiolimari.cl\/?p=5480"},"modified":"2021-08-02T17:44:15","modified_gmt":"2021-08-02T17:44:15","slug":"inician-obras-de-electrificacion-para-familias-de-el-progreso-en-ovalle","status":"publish","type":"post","link":"https:\/\/www.radiolimari.cl\/?p=5480","title":{"rendered":"Inician obras de electrificaci\u00f3n para familias de El Progreso en Ovalle"},"content":{"rendered":"<p><a href=\"https:\/\/www.radiolimari.cl\/wp-content\/uploads\/2021\/08\/1.8-energia-1.jpg\"><img fetchpriority=\"high\" decoding=\"async\" class=\"alignnone size-medium wp-image-5481\" src=\"https:\/\/www.radiolimari.cl\/wp-content\/uploads\/2021\/08\/1.8-energia-1-300x200.jpg\" alt=\"1.8 energia 1\" width=\"300\" height=\"200\" srcset=\"https:\/\/www.radiolimari.cl\/wp-content\/uploads\/2021\/08\/1.8-energia-1-300x200.jpg 300w, https:\/\/www.radiolimari.cl\/wp-content\/uploads\/2021\/08\/1.8-energia-1-1024x682.jpg 1024w\" sizes=\"(max-width: 300px) 100vw, 300px\" \/><\/a><\/p>\n<p><b style=\"color: #000000;\"><i><span lang=\"ES-MX\">Los beneficiarios ten\u00edan altos costos al usar generadores a petr\u00f3leo para sus necesidades y actividad agr\u00edcola.<\/span><\/i><\/b><!--more--><\/p>\n<p style=\"font-weight: 400;\">Los trabajos de electrificaci\u00f3n que favorecer\u00e1n a unas 40 familias de la Villa El Progreso, en la comuna de Ovalle, comenzaron a ser realidad, luego de que la distribuidora CGE iniciara la postaci\u00f3n de la red, que les cambiar\u00e1 las condiciones de vida a estas personas, en su mayor\u00eda peque\u00f1os agricultores.<\/p>\n<p style=\"font-weight: 400;\">La necesidad de estos vecinos fue levantada hace unos dos a\u00f1os ante la SEREMI de Energ\u00eda, productores agr\u00edcolas que requieren el servicio tanto para sus casas como la actividad productiva, lo que los obliga a incurrir en altos costos de petr\u00f3leo para generadores que permiten el bombeo del agua de riego.<\/p>\n<p style=\"font-weight: 400;\">Horacio Rojas, presidente del comit\u00e9 pro adelanto del sector El Progreso, consider\u00f3 este comienzo de las obras como \u201cun gran avance, y queremos que esto siga, para beneficiar a las 40 familias porque necesitamos harto la energ\u00eda. Hace 6 a\u00f1os venimos trabajando con grupos electr\u00f3genos a petr\u00f3leo, pero siempre hemos querido tener electricidad, y hoy d\u00eda nos da la esperanza de tener cubierto todo el sector\u201d, agreg\u00f3 el dirigente.<\/p>\n<p style=\"font-weight: 400;\">El proyecto de extensi\u00f3n de la red el\u00e9ctrica considera una l\u00ednea de 5 kil\u00f3metros, obras que se ejecutar\u00e1n en un periodo estimado de 3 meses por parte de la distribuidora.<\/p>\n<p style=\"font-weight: 400;\">El Seremi de Energ\u00eda, \u00c1lvaro Herrera, coment\u00f3 que \u201cgracias al trabajo mancomunado con la empresa CGE se ha concretado el proyecto y hoy estamos acompa\u00f1ando la primera etapa de postaci\u00f3n, para entregar una mejor calidad de vida para el sector, pero tambi\u00e9n dotar de mejores condiciones productivas a cada uno de estos agricultores. Sin la perseverancia del dirigente, durante este camino de dos a\u00f1os y medio, no hubieran podido llegar a buen puerto\u201d.<\/p>\n<p style=\"font-weight: 400;\">La autoridad agreg\u00f3 que esta iniciativa \u201cviene a apoyar la problem\u00e1tica de un sector importante de la Regi\u00f3n de Coquimbo, como es la agricultura, que la ha pasado mal en el \u00faltimo tiempo y que vive momentos complejos\u201d.<\/p>\n<p style=\"font-weight: 400;\">Por su parte, Felipe Pardo, Coordinador de Comunicaciones, Instituciones y Comunidades de CGE Coquimbo, explic\u00f3 que el proyecto se elabor\u00f3 mancomunadamente con la SEREMI de Energ\u00eda, desde donde se levant\u00f3 la informaci\u00f3n, para luego la distribuidora evaluar la pertinencia de generar nuevas. Nuestro trabajo consiste en entregar una mejor calidad de vida a trav\u00e9s de una continuidad de servicio acorde a la norma. Son productores de hortalizas que de alguna manera van a generar un encadenamiento productivo con otros sectores. De ah\u00ed la importancia de proveerles de un servicio el\u00e9ctrico que les ayude a reducir sus costos de generaci\u00f3n a petr\u00f3leo\u201d.<\/p>\n","protected":false},"excerpt":{"rendered":"<p>Los beneficiarios ten\u00edan altos costos al usar generadores a petr\u00f3leo para sus necesidades y actividad agr\u00edcola.<\/p>\n","protected":false},"author":2,"featured_media":5481,"comment_status":"open","ping_status":"open","sticky":false,"template":"","format":"standard","meta":{"footnotes":""},"categories":[5],"tags":[],"class_list":["post-5480","post","type-post","status-publish","format-standard","has-post-thumbnail","hentry","category-actualidad-limarina"],"_links":{"self":[{"href":"https:\/\/www.radiolimari.cl\/index.php?rest_route=\/wp\/v2\/posts\/5480","targetHints":{"allow":["GET"]}}],"collection":[{"href":"https:\/\/www.radiolimari.cl\/index.php?rest_route=\/wp\/v2\/posts"}],"about":[{"href":"https:\/\/www.radiolimari.cl\/index.php?rest_route=\/wp\/v2\/types\/post"}],"author":[{"embeddable":true,"href":"https:\/\/www.radiolimari.cl\/index.php?rest_route=\/wp\/v2\/users\/2"}],"replies":[{"embeddable":true,"href":"https:\/\/www.radiolimari.cl\/index.php?rest_route=%2Fwp%2Fv2%2Fcomments&post=5480"}],"version-history":[{"count":1,"href":"https:\/\/www.radiolimari.cl\/index.php?rest_route=\/wp\/v2\/posts\/5480\/revisions"}],"predecessor-version":[{"id":5482,"href":"https:\/\/www.radiolimari.cl\/index.php?rest_route=\/wp\/v2\/posts\/5480\/revisions\/5482"}],"wp:featuredmedia":[{"embeddable":true,"href":"https:\/\/www.radiolimari.cl\/index.php?rest_route=\/wp\/v2\/media\/5481"}],"wp:attachment":[{"href":"https:\/\/www.radiolimari.cl\/index.php?rest_route=%2Fwp%2Fv2%2Fmedia&parent=5480"}],"wp:term":[{"taxonomy":"category","embeddable":true,"href":"https:\/\/www.radiolimari.cl\/index.php?rest_route=%2Fwp%2Fv2%2Fcategories&post=5480"},{"taxonomy":"post_tag","embeddable":true,"href":"https:\/\/www.radiolimari.cl\/index.php?rest_route=%2Fwp%2Fv2%2Ftags&post=5480"}],"curies":[{"name":"wp","href":"https:\/\/api.w.org\/{rel}","templated":true}]}}