{"id":5477,"date":"2021-07-29T13:12:47","date_gmt":"2021-07-29T13:12:47","guid":{"rendered":"http:\/\/www.radiolimari.cl\/?p=5477"},"modified":"2021-07-29T13:12:47","modified_gmt":"2021-07-29T13:12:47","slug":"seremi-de-la-mujer-se-reune-con-artesanas-de-horcon-y-compromete-apoyo-a-gestionar-guarderia-infantil","status":"publish","type":"post","link":"https:\/\/www.radiolimari.cl\/?p=5477","title":{"rendered":"Seremi de la Mujer se re\u00fane con Artesanas de Horc\u00f3n y compromete apoyo a gestionar Guarder\u00eda Infantil"},"content":{"rendered":"<p><a href=\"https:\/\/www.radiolimari.cl\/wp-content\/uploads\/2021\/07\/28.7-serremi-mujer-en-horcon.jpg\"><img decoding=\"async\" class=\"alignnone size-medium wp-image-5478\" src=\"https:\/\/www.radiolimari.cl\/wp-content\/uploads\/2021\/07\/28.7-serremi-mujer-en-horcon-300x135.jpg\" alt=\"28.7 serremi mujer en horcon\" width=\"300\" height=\"135\" srcset=\"https:\/\/www.radiolimari.cl\/wp-content\/uploads\/2021\/07\/28.7-serremi-mujer-en-horcon-300x135.jpg 300w, https:\/\/www.radiolimari.cl\/wp-content\/uploads\/2021\/07\/28.7-serremi-mujer-en-horcon-1024x460.jpg 1024w, https:\/\/www.radiolimari.cl\/wp-content\/uploads\/2021\/07\/28.7-serremi-mujer-en-horcon.jpg 1280w\" sizes=\"(max-width: 300px) 100vw, 300px\" \/><\/a><\/p>\n<p>&nbsp;<\/p>\n<p><em>Hasta el Pueblito Artesanal de Horc\u00f3n en Paihuano lleg\u00f3 la seremi de la Mujer y La Equidad de G\u00e9nero, Iv\u00f3n Guerra para conversar con artesanas, conocer sus necesidades y difundir campa\u00f1a de prevenci\u00f3n de violencia contras las mujeres.<\/em><\/p>\n<p><!--more--><\/p>\n<p>El Pueblito Artesanal de Horc\u00f3n de la comuna de Paihuano esta aproximadamente a 2 horas y media de La Serena. All\u00ed desde el 2005 se gener\u00f3 un espacio de emprendimiento que es visitado por cientos de turistas. Este lugar remoto del Valle de Elqui est\u00e1 compuesto por 30 m\u00f3dulos que venden diferentes productos. La mayor\u00eda de \u00e9stos son liderados por mujeres, quienes se reunieron con la seremi, Iv\u00f3n Guerra a quien le plantearon sus sue\u00f1os y necesidades, destacando la urgencia de crear una guarder\u00eda infantil para tener a los hijos e hijas de las artesanas que acompa\u00f1an a sus madres diariamente en la labor de exponer y vender sus artesan\u00edas.<\/p>\n<p>La seremi de la Mujer, Iv\u00f3n Guerra se\u00f1al\u00f3 que unas\u00a0 de las dificultades de los emprendimientos femeninos es el cuidado de sus hijos e hijas, por lo mismo la autoridad se comprometi\u00f3 a\u00a0 realizar gestiones para buscar generar esta iniciativa, <strong>\u201cla autonom\u00eda econ\u00f3mica femenina tiene distintas dificultades y una de \u00e9stas es el cuidado de sus hijos e hijas. Entiendo plenamente la complicaci\u00f3n que genera estar preocupado de sus ni\u00f1os, mientras estar atendiendo a un cliente. Por lo mismo, como seremi vamos a golpear puertas para ver la factibilidad de que el municipio, el Gobierno Regional u otra entidad levante un proyecto para que puedan tener una guarder\u00eda infantil. Necesitamos que nuestro pa\u00eds y regi\u00f3n le entregue las condiciones necesarias para que las mujeres y madres puedan trabajar tranquilas, hay que romper estar brechas e inequidades que las afectan\u201d.<\/strong><\/p>\n<p>Pascuala Hevia es la\u00a0 Presidenta de la\u00a0 agrupaci\u00f3n Artesanos (as) de Horc\u00f3n. Pascuala se refiri\u00f3 a la importancia de tener una guarder\u00eda infantil, <strong>\u201cme parece perfecto, es algo muy necesario. Es s\u00faper dif\u00edcil trabajar corriendo detr\u00e1s del ni\u00f1o o ni\u00f1a. Ac\u00e1 hay mucho estimulo, se forma un espacio enriquecedor para crecer ac\u00e1, por ejemplo muchos artesanos han venido hacer vida ac\u00e1 por eso. El\u00a0 hecho que se levente esta solicitud de generar una guarder\u00eda y tener un espacio rico donde ellos\u00a0 puedan estar contenidos y protegidos es la guinda de la trota, ser\u00eda maravilloso\u201d<\/strong><\/p>\n<p>Mar\u00eda Paz Larra\u00edn vende joyer\u00eda textil. En su puesto tambi\u00e9n hay jugueter\u00eda y vestuario. Ella lleg\u00f3 a Horc\u00f3n hace 16 a\u00f1os. Hizo vida en el Valle y destaca la visita de la seremi, <strong>\u201cLa reuni\u00f3n fue muy necesaria y s\u00faper feliz de que ella tenga la voluntad de venir a un lugar remoto. Es una mujer decidida y definida. Muy contenta con este encuentro\u201d<\/strong><\/p>\n<p>Tras la reuni\u00f3n la seremi, Iv\u00f3n Guerra les dio a conocer la campa\u00f1a de prevenci\u00f3n de violencia contra las mujeres a las artesanas del sector, quienes se comprometieron a difundir el Fono Orientaci\u00f3n 1455 y el WhatsApp Mujer +569-700-7000<\/p>\n<p>&nbsp;<\/p>\n","protected":false},"excerpt":{"rendered":"<p>&nbsp; Hasta el Pueblito Artesanal de Horc\u00f3n en Paihuano lleg\u00f3 la seremi de la Mujer y La Equidad de G\u00e9nero, Iv\u00f3n Guerra para conversar con artesanas, conocer sus necesidades y difundir campa\u00f1a de prevenci\u00f3n de violencia contras las mujeres.<\/p>\n","protected":false},"author":2,"featured_media":5478,"comment_status":"open","ping_status":"open","sticky":false,"template":"","format":"standard","meta":{"footnotes":""},"categories":[6],"tags":[],"class_list":["post-5477","post","type-post","status-publish","format-standard","has-post-thumbnail","hentry","category-regionales"],"_links":{"self":[{"href":"https:\/\/www.radiolimari.cl\/index.php?rest_route=\/wp\/v2\/posts\/5477","targetHints":{"allow":["GET"]}}],"collection":[{"href":"https:\/\/www.radiolimari.cl\/index.php?rest_route=\/wp\/v2\/posts"}],"about":[{"href":"https:\/\/www.radiolimari.cl\/index.php?rest_route=\/wp\/v2\/types\/post"}],"author":[{"embeddable":true,"href":"https:\/\/www.radiolimari.cl\/index.php?rest_route=\/wp\/v2\/users\/2"}],"replies":[{"embeddable":true,"href":"https:\/\/www.radiolimari.cl\/index.php?rest_route=%2Fwp%2Fv2%2Fcomments&post=5477"}],"version-history":[{"count":1,"href":"https:\/\/www.radiolimari.cl\/index.php?rest_route=\/wp\/v2\/posts\/5477\/revisions"}],"predecessor-version":[{"id":5479,"href":"https:\/\/www.radiolimari.cl\/index.php?rest_route=\/wp\/v2\/posts\/5477\/revisions\/5479"}],"wp:featuredmedia":[{"embeddable":true,"href":"https:\/\/www.radiolimari.cl\/index.php?rest_route=\/wp\/v2\/media\/5478"}],"wp:attachment":[{"href":"https:\/\/www.radiolimari.cl\/index.php?rest_route=%2Fwp%2Fv2%2Fmedia&parent=5477"}],"wp:term":[{"taxonomy":"category","embeddable":true,"href":"https:\/\/www.radiolimari.cl\/index.php?rest_route=%2Fwp%2Fv2%2Fcategories&post=5477"},{"taxonomy":"post_tag","embeddable":true,"href":"https:\/\/www.radiolimari.cl\/index.php?rest_route=%2Fwp%2Fv2%2Ftags&post=5477"}],"curies":[{"name":"wp","href":"https:\/\/api.w.org\/{rel}","templated":true}]}}