{"id":5474,"date":"2021-07-27T20:49:48","date_gmt":"2021-07-27T20:49:48","guid":{"rendered":"http:\/\/www.radiolimari.cl\/?p=5474"},"modified":"2021-07-27T20:49:48","modified_gmt":"2021-07-27T20:49:48","slug":"delegado-presidencial-destaca-seguridad-sanitaria-en-establecimientos-con-clases-presenciales","status":"publish","type":"post","link":"https:\/\/www.radiolimari.cl\/?p=5474","title":{"rendered":"Delegado presidencial destaca seguridad sanitaria en establecimientos con clases presenciales"},"content":{"rendered":"<p><a href=\"https:\/\/www.radiolimari.cl\/wp-content\/uploads\/2021\/07\/27.7-delegacion-presidencial.jpg\"><img fetchpriority=\"high\" decoding=\"async\" class=\"alignnone size-medium wp-image-5475\" src=\"https:\/\/www.radiolimari.cl\/wp-content\/uploads\/2021\/07\/27.7-delegacion-presidencial-300x225.jpg\" alt=\"27.7 delegacion presidencial\" width=\"300\" height=\"225\" srcset=\"https:\/\/www.radiolimari.cl\/wp-content\/uploads\/2021\/07\/27.7-delegacion-presidencial-300x225.jpg 300w, https:\/\/www.radiolimari.cl\/wp-content\/uploads\/2021\/07\/27.7-delegacion-presidencial.jpg 1024w\" sizes=\"(max-width: 300px) 100vw, 300px\" \/><\/a><\/p>\n<p><strong><em>Autoridades de Gobierno constataron los protocolos implementados por los recintos y remarcaron la importancia del retorno a clases, para brindar una educaci\u00f3n de calidad a los estudiantes<\/em><\/strong><!--more--><\/p>\n<p>Una visita a la escuela Lucila Godoy Alcayaga, ubicada en el sector de La Cantera, en la comuna de Coquimbo, efectu\u00f3 en la ma\u00f1ana de este martes, el delegado presidencial de la Regi\u00f3n de Coquimbo, Pablo Herman, quien comprob\u00f3 en terreno la correcta aplicaci\u00f3n de los protocolos sanitarios que permiten el retorno seguro de los estudiantes a las salas de clases.<\/p>\n<p><strong>\u201cLlegamos muy temprano, a la hora de ingreso de los alumnos, y vimos claramente la cara de felicidad de muchos ni\u00f1os que estaban viendo a sus compa\u00f1eros, especialmente a los m\u00e1s peque\u00f1os, que se saludaban entre ellos con mucho entusiasmo. Tambi\u00e9n vimos a los padres quienes por su propia voluntad quisieron traer a los ni\u00f1os y se dieron cuenta de la importancia del aula y del colegio para el crecimiento de los alumnos\u201d<\/strong>, coment\u00f3 Pablo Herman.<\/p>\n<p>La autoridad regional, al tiempo que valor\u00f3 el esfuerzo de los padres y apoderados, quienes desde hace m\u00e1s de un a\u00f1o han debido readecuar sus rutinas para colaborar a sus hijos e hijas en la ense\u00f1anza al interior de los hogares, afirm\u00f3 que la presencialidad es la mejor manera de brindar una educaci\u00f3n de calidad a los estudiantes.<\/p>\n<p>El delegado presidencial fue acompa\u00f1ado en su visita al establecimiento coquimbano por el seremi de Educaci\u00f3n, Claudio Oyarz\u00fan, quien resalt\u00f3 que los m\u00e1s de 750 establecimientos de la regi\u00f3n que optaron por la presencialidad cumplen con las normas y los protocolos sanitarios establecidos por los Ministerios de Educaci\u00f3n y Salud.<\/p>\n<p>El seremi a\u00f1adi\u00f3 que <strong>\u201chemos podido corroborar en terreno que existe un cumplimiento y que los establecimientos se han convertido en un espacio seguro para todos quienes interact\u00faan en \u00e9l\u201d<\/strong>.<\/p>\n<p>Oyarz\u00fan indic\u00f3 que como Ministerio de Educaci\u00f3n <strong>\u201cdebemos ser capaces de brindar seguridad sanitaria y construir un espacio seguro y para que as\u00ed suceda todos los sostenedores han hecho un tremendo esfuerzo\u201d<\/strong>.<\/p>\n<p>La escuela Lucila Godoy Alcayaga funciona con una modalidad mixta de ense\u00f1anza. Al respecto, el director del establecimiento, Mario Cerda Galv\u00e1n, se\u00f1al\u00f3 que <strong>\u201chemos tenido una muy buena recepci\u00f3n de los apoderados y de los ni\u00f1os, siempre con el apoyo importante de los profesores y los asistentes de la educaci\u00f3n\u201d<\/strong>.<\/p>\n<p>El plan de funcionamiento de la escuela comenz\u00f3 a dise\u00f1arse en el mes de diciembre del a\u00f1o pasado. <strong>\u201cComenzamos a trabajar el primer d\u00eda de clases en marzo y solamente tuvimos un receso en el tiempo de cuarentena, pero despu\u00e9s volvimos inmediatamente. Tuvimos una semana de vacaciones y retornamos a la presencialidad, en modalidad mixta\u201d<\/strong>, explic\u00f3.<\/p>\n<p>Dependiendo del tama\u00f1o de la sala, 8 o 10 ni\u00f1os asisten presencialmente a clases, mientras que el resto de los estudiantes se conecta desde sus casas. <strong>\u201cSe instala un computador en cada sala, que opera como un alumno m\u00e1s, un alumno virtual, que corresponden a 15 o 20 alumnos quienes se mantienen conectados\u201d<\/strong>, detall\u00f3.<\/p>\n<p>Mario Cerda destac\u00f3 que el lunes, tras el receso por vacaciones de invierno, cuatro \u201cnuevos\u201d estudiantes, quienes antes no hab\u00edan asistido presencialmente, se sumaron a las clases. <strong>\u201cLa comunidad educativa ha visto el trabajo y que se han cumplido todos los protocolos, as\u00ed que esperamos seguir creciendo en asistencia\u201d<\/strong>, concluy\u00f3.<\/p>\n<p><strong>\u00a0<\/strong><\/p>\n","protected":false},"excerpt":{"rendered":"<p>Autoridades de Gobierno constataron los protocolos implementados por los recintos y remarcaron la importancia del retorno a clases, para brindar una educaci\u00f3n de calidad a los estudiantes<\/p>\n","protected":false},"author":2,"featured_media":5475,"comment_status":"open","ping_status":"open","sticky":false,"template":"","format":"standard","meta":{"footnotes":""},"categories":[6],"tags":[],"class_list":["post-5474","post","type-post","status-publish","format-standard","has-post-thumbnail","hentry","category-regionales"],"_links":{"self":[{"href":"https:\/\/www.radiolimari.cl\/index.php?rest_route=\/wp\/v2\/posts\/5474","targetHints":{"allow":["GET"]}}],"collection":[{"href":"https:\/\/www.radiolimari.cl\/index.php?rest_route=\/wp\/v2\/posts"}],"about":[{"href":"https:\/\/www.radiolimari.cl\/index.php?rest_route=\/wp\/v2\/types\/post"}],"author":[{"embeddable":true,"href":"https:\/\/www.radiolimari.cl\/index.php?rest_route=\/wp\/v2\/users\/2"}],"replies":[{"embeddable":true,"href":"https:\/\/www.radiolimari.cl\/index.php?rest_route=%2Fwp%2Fv2%2Fcomments&post=5474"}],"version-history":[{"count":1,"href":"https:\/\/www.radiolimari.cl\/index.php?rest_route=\/wp\/v2\/posts\/5474\/revisions"}],"predecessor-version":[{"id":5476,"href":"https:\/\/www.radiolimari.cl\/index.php?rest_route=\/wp\/v2\/posts\/5474\/revisions\/5476"}],"wp:featuredmedia":[{"embeddable":true,"href":"https:\/\/www.radiolimari.cl\/index.php?rest_route=\/wp\/v2\/media\/5475"}],"wp:attachment":[{"href":"https:\/\/www.radiolimari.cl\/index.php?rest_route=%2Fwp%2Fv2%2Fmedia&parent=5474"}],"wp:term":[{"taxonomy":"category","embeddable":true,"href":"https:\/\/www.radiolimari.cl\/index.php?rest_route=%2Fwp%2Fv2%2Fcategories&post=5474"},{"taxonomy":"post_tag","embeddable":true,"href":"https:\/\/www.radiolimari.cl\/index.php?rest_route=%2Fwp%2Fv2%2Ftags&post=5474"}],"curies":[{"name":"wp","href":"https:\/\/api.w.org\/{rel}","templated":true}]}}