{"id":5470,"date":"2021-07-27T20:18:50","date_gmt":"2021-07-27T20:18:50","guid":{"rendered":"http:\/\/www.radiolimari.cl\/?p=5470"},"modified":"2021-07-27T20:19:16","modified_gmt":"2021-07-27T20:19:16","slug":"alcaldesa-de-rio-hurtado-reune-con-fundacion-ciencia-y-patrimonio-para-potenciar-monumento-natural-ubicado-en-san-pedro","status":"publish","type":"post","link":"https:\/\/www.radiolimari.cl\/?p=5470","title":{"rendered":"Alcaldesa de R\u00edo Hurtado se re\u00fane con Fundaci\u00f3n Ciencia y Patrimonio para potenciar Monumento Natural  ubicado en San Pedro"},"content":{"rendered":"<p><a href=\"https:\/\/www.radiolimari.cl\/wp-content\/uploads\/2021\/07\/22.7-fundacion-ciencia-y-patrimonio.jpg\"><img fetchpriority=\"high\" decoding=\"async\" class=\"alignnone size-medium wp-image-5471\" src=\"https:\/\/www.radiolimari.cl\/wp-content\/uploads\/2021\/07\/22.7-fundacion-ciencia-y-patrimonio-300x185.jpg\" alt=\"22.7 fundacion ciencia y patrimonio\" width=\"300\" height=\"185\" srcset=\"https:\/\/www.radiolimari.cl\/wp-content\/uploads\/2021\/07\/22.7-fundacion-ciencia-y-patrimonio-300x185.jpg 300w, https:\/\/www.radiolimari.cl\/wp-content\/uploads\/2021\/07\/22.7-fundacion-ciencia-y-patrimonio-1024x633.jpg 1024w\" sizes=\"(max-width: 300px) 100vw, 300px\" \/><\/a><\/p>\n<p>Presentar\u00e1 en conjunto un proyecto que persigue impactar de manera directa a los distintos actores locales, instalando capacidades que promuevan la autonom\u00eda y el empoderamiento local de su patrimonio.<!--more--><\/p>\n<p>Una Importante reuni\u00f3n sostuvo a alcaldesa de la comuna de R\u00edo Hurtado Carmen Juana Olivares con la Fundaci\u00f3n Ciencia y Patrimonio, \u00a0representada por su fundadora Denisse Placencia y el connotado paleont\u00f3logo nacional David Rubilar y la Fundaci\u00f3n Hijos de R\u00edo Hurtado.<\/p>\n<p>La Fundaci\u00f3n Ciencia y Patrimonio \u00a0es una instituci\u00f3n\u00a0sin fin de lucro conformada por un equipo multidisciplinario de profesionales, que poseen vasta experiencia en el desarrollo de proyectos y acciones que promueven la divulgaci\u00f3n de las ciencias y el patrimonio natural y cultural del pa\u00eds, poniendo especial \u00e9nfasis en facilitar el acceso al quehacer cient\u00edfico y patrimonial en aquellas zonas o grupos de personas que ya sea por barreras demogr\u00e1ficas, socioecon\u00f3micas, culturales y\/o situaci\u00f3n de discapacidad, se encuentren postergadas.<\/p>\n<p>Es en este contexto\u00a0se reunieron en el Municipio con la autoridad comunal el objetivo de generar alianzas y compromisos locales para la postulaci\u00f3n del \u00abConcurso Nacional Ciencia P\u00fablica para el Desarrollo de Espacios P\u00fablicos Regionales de Divulgaci\u00f3n y Socializaci\u00f3n del Conocimiento\u00bb a cargo de la Divisi\u00f3n Ciencia y Sociedad, del Ministerio de Ciencia, Tecnolog\u00eda, Conocimiento e Innovaci\u00f3n.<\/p>\n<p>Dicho proyecto contempla un producto central representado por una exhibici\u00f3n abierta a la comunidad, cuyo fin es dar a conocer la riqueza paleontol\u00f3gica local, entendiendo que la comuna de R\u00edo Hurtado cuenta con el Monumento Natural de Pichasca, sitio de alto valor hist\u00f3rico nacional, ya que es en este lugar donde se hallaron los primeros restos\u00a0\u00f3seos de dinosaurios del pa\u00eds, los que fueron descritos en los a\u00f1os 60s, por el famoso paleont\u00f3logo\u00a0argentino Rodolfo Casamiquela.\u00a0 Asimismo, este proyecto persigue impactar de manera directa a los distintos actores locales, instalando capacidades que promuevan la autonom\u00eda y el empoderamiento local de su patrimonio.<\/p>\n<p>&nbsp;<\/p>\n<p>&nbsp;<\/p>\n","protected":false},"excerpt":{"rendered":"<p>Presentar\u00e1 en conjunto un proyecto que persigue impactar de manera directa a los distintos actores locales, instalando capacidades que promuevan la autonom\u00eda y el empoderamiento local de su patrimonio.<\/p>\n","protected":false},"author":2,"featured_media":5471,"comment_status":"open","ping_status":"open","sticky":false,"template":"","format":"standard","meta":{"footnotes":""},"categories":[5],"tags":[],"class_list":["post-5470","post","type-post","status-publish","format-standard","has-post-thumbnail","hentry","category-actualidad-limarina"],"_links":{"self":[{"href":"https:\/\/www.radiolimari.cl\/index.php?rest_route=\/wp\/v2\/posts\/5470","targetHints":{"allow":["GET"]}}],"collection":[{"href":"https:\/\/www.radiolimari.cl\/index.php?rest_route=\/wp\/v2\/posts"}],"about":[{"href":"https:\/\/www.radiolimari.cl\/index.php?rest_route=\/wp\/v2\/types\/post"}],"author":[{"embeddable":true,"href":"https:\/\/www.radiolimari.cl\/index.php?rest_route=\/wp\/v2\/users\/2"}],"replies":[{"embeddable":true,"href":"https:\/\/www.radiolimari.cl\/index.php?rest_route=%2Fwp%2Fv2%2Fcomments&post=5470"}],"version-history":[{"count":2,"href":"https:\/\/www.radiolimari.cl\/index.php?rest_route=\/wp\/v2\/posts\/5470\/revisions"}],"predecessor-version":[{"id":5473,"href":"https:\/\/www.radiolimari.cl\/index.php?rest_route=\/wp\/v2\/posts\/5470\/revisions\/5473"}],"wp:featuredmedia":[{"embeddable":true,"href":"https:\/\/www.radiolimari.cl\/index.php?rest_route=\/wp\/v2\/media\/5471"}],"wp:attachment":[{"href":"https:\/\/www.radiolimari.cl\/index.php?rest_route=%2Fwp%2Fv2%2Fmedia&parent=5470"}],"wp:term":[{"taxonomy":"category","embeddable":true,"href":"https:\/\/www.radiolimari.cl\/index.php?rest_route=%2Fwp%2Fv2%2Fcategories&post=5470"},{"taxonomy":"post_tag","embeddable":true,"href":"https:\/\/www.radiolimari.cl\/index.php?rest_route=%2Fwp%2Fv2%2Ftags&post=5470"}],"curies":[{"name":"wp","href":"https:\/\/api.w.org\/{rel}","templated":true}]}}