{"id":5467,"date":"2021-07-24T16:59:16","date_gmt":"2021-07-24T16:59:16","guid":{"rendered":"http:\/\/www.radiolimari.cl\/?p=5467"},"modified":"2021-07-24T16:59:16","modified_gmt":"2021-07-24T16:59:16","slug":"sercotec-lanza-programa-para-ayudar-a-emprendedores-a-formalizar-sus-negocios-podran-acceder-a-subsidio-de-1-millon","status":"publish","type":"post","link":"https:\/\/www.radiolimari.cl\/?p=5467","title":{"rendered":"Sercotec lanza programa para ayudar a emprendedores a formalizar sus negocios: podr\u00e1n acceder a subsidio de $1 mill\u00f3n"},"content":{"rendered":"<p><a href=\"https:\/\/www.radiolimari.cl\/wp-content\/uploads\/2021\/07\/24.7-servotec.jpeg\"><img fetchpriority=\"high\" decoding=\"async\" class=\"alignnone size-medium wp-image-5468\" src=\"https:\/\/www.radiolimari.cl\/wp-content\/uploads\/2021\/07\/24.7-servotec-300x225.jpeg\" alt=\"24.7 servotec\" width=\"300\" height=\"225\" srcset=\"https:\/\/www.radiolimari.cl\/wp-content\/uploads\/2021\/07\/24.7-servotec-300x225.jpeg 300w, https:\/\/www.radiolimari.cl\/wp-content\/uploads\/2021\/07\/24.7-servotec-1024x768.jpeg 1024w, https:\/\/www.radiolimari.cl\/wp-content\/uploads\/2021\/07\/24.7-servotec.jpeg 1600w\" sizes=\"(max-width: 300px) 100vw, 300px\" \/><\/a><\/p>\n<p><strong>Sercotec lanza programa para ayudar a emprendedores a formalizar sus negocios: podr\u00e1n acceder a subsidio de $1 mill\u00f3n<\/strong><!--more--><\/p>\n<p>El programa \u201cFormal\u00edzate\u201d busca ayudar a los emprendedores a formalizar sus negocios de manera f\u00e1cil y generar nuevos canales de comercializaci\u00f3n de sus productos o servicios.<\/p>\n<p>Es un fondo concursable para quienes realizan actividades empresariales de manera informal, sin inicio de actividades en primera categor\u00eda ante el Servicio de Impuestos Internos. El proceso de formalizaci\u00f3n se realizar\u00e1 de la mano de Sercotec, quien financiar\u00e1 el proceso, para luego desarrollar un plan de trabajo que permita a los emprendedores a reactivarse y hacer crecer su negocio.<\/p>\n<p>Al respecto, el Delegado Presidencial Pablo Herman Herrera asisti\u00f3 junto autoridades de econom\u00eda y cultura a las instalaciones de la Compa\u00f1\u00eda \u201cTeatro Puerto\u201d para el lanzamiento del programa; que en sus bases tiene un \u00e9nfasis espacial para el rubro de la cultura y la artesan\u00eda. <strong>\u201cEste programa \u00abFormal\u00edzate\u00bb va a permitir que diferentes rubros, en este caso artistas, se formalicen. Es decir, que puedan entrar al sistema y puedan de ese modo postular a estos fondos, entre muchos otros que ofrece nuestro Gobierno. Entre ellos, la organizaci\u00f3n Teatro Puerto, que apoya a muchos artistas locales y compa\u00f1\u00edas de teatro que necesitan ese apoyo para iniciar. Por lo mismo, les viene de buena manera este programa, que sin duda favorecer\u00e1 la difusi\u00f3n y la realizaci\u00f3n de talleres art\u00edsticos de las empresas de la industria creativa de la Regi\u00f3n de Coquimbo<\/strong>\u00ab, resalt\u00f3 la autoridad regional.<\/p>\n<p><strong>\u00abInvito a todas las empresas informales que aprovechen este programa de Sercotec. Tenemos varios cupos para acceder a un bono de 1 mill\u00f3n de pesos, que no es menor, el que podr\u00e1n utilizar en invertir en activos, en capital de trabajo y, obviamente, para crear su empresa formal\u00bb<\/strong>,destac\u00f3 por su parte el Director Regional de Sercotec, Fernando Contreras, quien precis\u00f3 que para la regi\u00f3n se destinar\u00e1n m\u00e1s de 477 millones de pesos al programa.<\/p>\n<p>La iniciativa entrega un subsidio, no reembolsable, de $1 mill\u00f3n de pesos que podr\u00e1 ser utilizado para inversiones en activos, como la adquisici\u00f3n de activos f\u00edsicos o bienes intangibles, capital de trabajo y gesti\u00f3n empresarial, entre otras cosas.<\/p>\n<p>En este sentido el seremi de la cartera de Econom\u00eda, Carlos Lillo \u00c1lamos, recalc\u00f3 el foco de esta iniciativa para la reactivaci\u00f3n econ\u00f3mica. \u201c<strong>Como Gobierno hemos dispuesto de una amplia red de beneficios econ\u00f3micos y m\u00faltiples acciones de ayuda social. En este caso, con este programa, cualquier persona o emprendedor, que no est\u00e9 formalizado a la fecha, podr\u00e1 postular. Por lo tanto, la invitaci\u00f3n est\u00e1 abierta y es multisectorial para todos los rubros econ\u00f3micos\u00bb<\/strong>, dijo.<\/p>\n<p>\u201c<strong>Al momento de formalizarse uno tiene acceso a muchas m\u00e1s oportunidades, m\u00e1s fondos y poder recurrir a alg\u00fan financiamiento para los proyectos que se puedan realizar\u00bb;<\/strong> destaca el Director de \u201cTeatro Puerto\u201d, Rodrigo Zarricueta. En tanto, el Artesano en Orfebrer\u00eda Jacob Mu\u00f1oz, miembro del Consejo Regional de las Culturas, destaca que \u201c<strong>esto viene como a darle un espaldarazo o impulso para que la gente vuelva a retomar sus proyectos a trav\u00e9s de esta herramienta y puedan postular al bono de 1 mill\u00f3n de pesos\u00bb.<\/strong><strong>\u00a0<\/strong><\/p>\n<p>La nueva l\u00ednea de financiamiento est\u00e1 dirigida a distintos rubros, con \u00e9nfasis en la cultura, artesan\u00eda, dise\u00f1o, decoraci\u00f3n, teatro, m\u00fasica, entre otros, los cuales poseen altas tasas de informalidad y han sido fuertemente afectados por la pandemia.<strong>\u00a0<\/strong><\/p>\n<p><strong>\u00abPor lo tanto, el programa de Sercotec va en la l\u00f3gica de la formalizaci\u00f3n para los agentes de los \u00e1mbitos del circo, la danza, el teatro y los artesanos, rubros culturales que ha sido golpeados por la pandemia. En ese sentido, esta iniciativa ayudar\u00e1 much\u00edsimo a poder seguir generando la circulaci\u00f3n y permitiendo que estos emprendimientos de nuestros gestores culturales puedan mantener viva su creaci\u00f3n art\u00edstica\u00bb, <\/strong>recalc\u00f3 el Seremi de Cultura Francisco Varas Campos<strong>.<\/strong><strong>\u00a0<\/strong><\/p>\n<p>Las postulaciones para Formal\u00edzate est\u00e1n abiertas en www.sercotec.cl entre el 22 y el 28 de julio del 2021<\/p>\n<p><strong>\u00bfC\u00f3mo postular?<\/strong><\/p>\n<p>1.- Ingresar a www.sercotec.cl para registrarse como usuario o actualizar antecedentes.<\/p>\n<p>2.- Realizar Test de Caracterizaci\u00f3n del Emprendimiento, a trav\u00e9s del cual se determina, preliminarmente, la presencia de factores de \u00e9xito en la ejecuci\u00f3n de un proyecto empresarial.<\/p>\n<p>3.- Completar el Formulario de Idea de Negocio, donde se describe el proyecto.<\/p>\n<p>4.- Completar Estructura de Costos o Presupuesto para la ejecuci\u00f3n de la idea de negocio, contemplando las Acciones de Gesti\u00f3n Empresarial e Inversiones<\/p>\n<p>&nbsp;<\/p>\n","protected":false},"excerpt":{"rendered":"<p>Sercotec lanza programa para ayudar a emprendedores a formalizar sus negocios: podr\u00e1n acceder a subsidio de $1 mill\u00f3n<\/p>\n","protected":false},"author":2,"featured_media":5468,"comment_status":"open","ping_status":"open","sticky":false,"template":"","format":"standard","meta":{"footnotes":""},"categories":[6],"tags":[],"class_list":["post-5467","post","type-post","status-publish","format-standard","has-post-thumbnail","hentry","category-regionales"],"_links":{"self":[{"href":"https:\/\/www.radiolimari.cl\/index.php?rest_route=\/wp\/v2\/posts\/5467","targetHints":{"allow":["GET"]}}],"collection":[{"href":"https:\/\/www.radiolimari.cl\/index.php?rest_route=\/wp\/v2\/posts"}],"about":[{"href":"https:\/\/www.radiolimari.cl\/index.php?rest_route=\/wp\/v2\/types\/post"}],"author":[{"embeddable":true,"href":"https:\/\/www.radiolimari.cl\/index.php?rest_route=\/wp\/v2\/users\/2"}],"replies":[{"embeddable":true,"href":"https:\/\/www.radiolimari.cl\/index.php?rest_route=%2Fwp%2Fv2%2Fcomments&post=5467"}],"version-history":[{"count":1,"href":"https:\/\/www.radiolimari.cl\/index.php?rest_route=\/wp\/v2\/posts\/5467\/revisions"}],"predecessor-version":[{"id":5469,"href":"https:\/\/www.radiolimari.cl\/index.php?rest_route=\/wp\/v2\/posts\/5467\/revisions\/5469"}],"wp:featuredmedia":[{"embeddable":true,"href":"https:\/\/www.radiolimari.cl\/index.php?rest_route=\/wp\/v2\/media\/5468"}],"wp:attachment":[{"href":"https:\/\/www.radiolimari.cl\/index.php?rest_route=%2Fwp%2Fv2%2Fmedia&parent=5467"}],"wp:term":[{"taxonomy":"category","embeddable":true,"href":"https:\/\/www.radiolimari.cl\/index.php?rest_route=%2Fwp%2Fv2%2Fcategories&post=5467"},{"taxonomy":"post_tag","embeddable":true,"href":"https:\/\/www.radiolimari.cl\/index.php?rest_route=%2Fwp%2Fv2%2Ftags&post=5467"}],"curies":[{"name":"wp","href":"https:\/\/api.w.org\/{rel}","templated":true}]}}