{"id":5464,"date":"2021-07-24T16:52:44","date_gmt":"2021-07-24T16:52:44","guid":{"rendered":"http:\/\/www.radiolimari.cl\/?p=5464"},"modified":"2021-07-24T16:52:44","modified_gmt":"2021-07-24T16:52:44","slug":"seremi-de-energia-inaugura-el-parque-fotovoltaico-ovalle-norte","status":"publish","type":"post","link":"https:\/\/www.radiolimari.cl\/?p=5464","title":{"rendered":"Seremi de Energ\u00eda inaugura el parque fotovoltaico Ovalle Norte"},"content":{"rendered":"<p><a href=\"https:\/\/www.radiolimari.cl\/wp-content\/uploads\/2021\/07\/24.7-energia-solar.jpg\"><img fetchpriority=\"high\" decoding=\"async\" class=\"alignnone size-medium wp-image-5465\" src=\"https:\/\/www.radiolimari.cl\/wp-content\/uploads\/2021\/07\/24.7-energia-solar-300x200.jpg\" alt=\"24.7 energia solar\" width=\"300\" height=\"200\" srcset=\"https:\/\/www.radiolimari.cl\/wp-content\/uploads\/2021\/07\/24.7-energia-solar-300x200.jpg 300w, https:\/\/www.radiolimari.cl\/wp-content\/uploads\/2021\/07\/24.7-energia-solar-1024x682.jpg 1024w\" sizes=\"(max-width: 300px) 100vw, 300px\" \/><\/a><\/p>\n<p><b style=\"color: #000000;\"><i>La central renovable del grupo Solek, compuesta por 22 mil paneles solares, aportar\u00e1 energ\u00eda equivalente al consumo de 10 mil viviendas.<\/i><\/b><!--more--><\/p>\n<p style=\"color: #000000;\">Con la presencia del Seremi de Energ\u00eda, \u00c1lvaro Herrera, el Alcalde (S) de Ovalle, H\u00e9ctor Vega, y representantes de la empresa Solek, fue inaugurado hoy el parque fotovoltaico Ovalle Norte.<\/p>\n<p style=\"color: #000000;\">La central tuvo una inversi\u00f3n de 11 millones de d\u00f3lares, cuenta con una potencia de 10 MW, equivalentes a 22 mil paneles bifaciales de mayor captaci\u00f3n solar, emplazado sobre una superficie de 20 hect\u00e1reas, para aportar con generaci\u00f3n limpia y renovable al consumo el\u00e9ctrico de unas 10 mil viviendas de la provincia de Limar\u00ed, zona convertida hoy en polo de desarrollo de proyectos e\u00f3licos y solares.<\/p>\n<p style=\"color: #000000;\">Tras seis meses de construcci\u00f3n y puesta en operaci\u00f3n, el proyecto evacuar\u00e1 su generaci\u00f3n, a trav\u00e9s de una l\u00ednea de distribuci\u00f3n, al principal centro de consumo de la provincia de Limar\u00ed. Su entrada en funcionamiento ayudar\u00e1 a mitigar aproximadamente 21 mil toneladas de CO2, equivalentes a retirar 817 veh\u00edculos de circulaci\u00f3n.<\/p>\n<p style=\"color: #000000;\">El Seremi de Energ\u00eda, \u00c1lvaro Herrera, remarc\u00f3 la importancia de inaugurar un proyecto emplazado en 20 hect\u00e1reas de terreno, \u201ccon una potencia de 10 MW que permite seguir consolidando a la Regi\u00f3n de Coquimbo como zona l\u00edder en la generaci\u00f3n de energ\u00eda absolutamente renovable, para ir dejando de lado a las energ\u00edas del pasado, y mirar con optimismo el desarrollo de la producci\u00f3n el\u00e9ctrica cien por ciento limpia en nuestro pa\u00eds\u201d.<\/p>\n<p style=\"color: #000000;\">V\u00edctor Opazo, Gerente General de Solek, indic\u00f3 que \u201cla inauguraci\u00f3n del parque Ovalle Norte es muy importante porque es parte de un plan para completar 500 MW instalados en todo Chile, de aqu\u00ed al pr\u00f3ximo a\u00f1o. Ovalle es una zona atractiva para la inversi\u00f3n por la radiaci\u00f3n que posee, porque tuvimos la capacidad de inyectar la energ\u00eda para el tama\u00f1o de este parque, y porque creemos que es un aporte para la Regi\u00f3n y en particular para la ciudad\u201d.<\/p>\n<p style=\"color: #000000;\">El Alcalde (S) de Ovalle, H\u00e9ctor Vega, indic\u00f3 que este proyecto es muy importante \u201cdado que tiene los lineamientos de nuestro plan de desarrollo comunal, donde nos enmarcamos en ser l\u00edder en energ\u00edas renovables, y justamente estas iniciativas le hacen bien a nuestra comuna porque son amigables con el medio ambiente, y nos permiten un desarrollo sustentable en todos los \u00e1mbitos\u201d.<\/p>\n<p style=\"color: #000000;\">El parque Ovalle Norte es la central n\u00famero 33 que entra en funcionamiento en la matriz energ\u00e9tica de la Regi\u00f3n de Coquimbo. Desde el a\u00f1o 2012 a la fecha los proyectos fotovoltaicos en la zona suman 297 MW de capacidad de generaci\u00f3n en el Sistema El\u00e9ctrico Nacional.<\/p>\n","protected":false},"excerpt":{"rendered":"<p>La central renovable del grupo Solek, compuesta por 22 mil paneles solares, aportar\u00e1 energ\u00eda equivalente al consumo de 10 mil viviendas.<\/p>\n","protected":false},"author":2,"featured_media":5465,"comment_status":"open","ping_status":"open","sticky":false,"template":"","format":"standard","meta":{"footnotes":""},"categories":[5],"tags":[],"class_list":["post-5464","post","type-post","status-publish","format-standard","has-post-thumbnail","hentry","category-actualidad-limarina"],"_links":{"self":[{"href":"https:\/\/www.radiolimari.cl\/index.php?rest_route=\/wp\/v2\/posts\/5464","targetHints":{"allow":["GET"]}}],"collection":[{"href":"https:\/\/www.radiolimari.cl\/index.php?rest_route=\/wp\/v2\/posts"}],"about":[{"href":"https:\/\/www.radiolimari.cl\/index.php?rest_route=\/wp\/v2\/types\/post"}],"author":[{"embeddable":true,"href":"https:\/\/www.radiolimari.cl\/index.php?rest_route=\/wp\/v2\/users\/2"}],"replies":[{"embeddable":true,"href":"https:\/\/www.radiolimari.cl\/index.php?rest_route=%2Fwp%2Fv2%2Fcomments&post=5464"}],"version-history":[{"count":1,"href":"https:\/\/www.radiolimari.cl\/index.php?rest_route=\/wp\/v2\/posts\/5464\/revisions"}],"predecessor-version":[{"id":5466,"href":"https:\/\/www.radiolimari.cl\/index.php?rest_route=\/wp\/v2\/posts\/5464\/revisions\/5466"}],"wp:featuredmedia":[{"embeddable":true,"href":"https:\/\/www.radiolimari.cl\/index.php?rest_route=\/wp\/v2\/media\/5465"}],"wp:attachment":[{"href":"https:\/\/www.radiolimari.cl\/index.php?rest_route=%2Fwp%2Fv2%2Fmedia&parent=5464"}],"wp:term":[{"taxonomy":"category","embeddable":true,"href":"https:\/\/www.radiolimari.cl\/index.php?rest_route=%2Fwp%2Fv2%2Fcategories&post=5464"},{"taxonomy":"post_tag","embeddable":true,"href":"https:\/\/www.radiolimari.cl\/index.php?rest_route=%2Fwp%2Fv2%2Ftags&post=5464"}],"curies":[{"name":"wp","href":"https:\/\/api.w.org\/{rel}","templated":true}]}}