{"id":5461,"date":"2021-07-24T16:45:24","date_gmt":"2021-07-24T16:45:24","guid":{"rendered":"http:\/\/www.radiolimari.cl\/?p=5461"},"modified":"2021-07-24T16:45:24","modified_gmt":"2021-07-24T16:45:24","slug":"alcaldes-plantean-sus-principales-preocupaciones-a-la-gobernadora-regional-krist-naranjo","status":"publish","type":"post","link":"https:\/\/www.radiolimari.cl\/?p=5461","title":{"rendered":"Alcaldes plantean sus principales preocupaciones a la Gobernadora Regional Krist Naranjo"},"content":{"rendered":"<p><a href=\"https:\/\/www.radiolimari.cl\/wp-content\/uploads\/2021\/07\/24.7-alcaldes-y-goberadora-regional.jpeg\"><img fetchpriority=\"high\" decoding=\"async\" class=\"alignnone size-medium wp-image-5462\" src=\"https:\/\/www.radiolimari.cl\/wp-content\/uploads\/2021\/07\/24.7-alcaldes-y-goberadora-regional-300x225.jpeg\" alt=\"24.7 alcaldes y goberadora regional\" width=\"300\" height=\"225\" srcset=\"https:\/\/www.radiolimari.cl\/wp-content\/uploads\/2021\/07\/24.7-alcaldes-y-goberadora-regional-300x225.jpeg 300w, https:\/\/www.radiolimari.cl\/wp-content\/uploads\/2021\/07\/24.7-alcaldes-y-goberadora-regional.jpeg 1024w\" sizes=\"(max-width: 300px) 100vw, 300px\" \/><\/a><\/p>\n<p><strong>La instancia se gener\u00f3 en una reuni\u00f3n con la Asociaci\u00f3n de Municipios de la Regi\u00f3n de Coquimbo, donde se abordaron temas como la necesidad de decretar a la regi\u00f3n como zona de emergencia agr\u00edcola, trabajar en el manejo de residuos s\u00f3lidos de la regi\u00f3n, y profundizar iniciativas de pro empleo.<\/strong><!--more--><\/p>\n<p>Diversas son las preocupaciones y requerimientos de cada una de las comunas de la Regi\u00f3n de Coquimbo. Problem\u00e1ticas que fueron planteadas en detalle por los alcaldes a la Gobernadora Regional, Krist Naranjo, durante un primer acercamiento generado en el marco de la Asociaci\u00f3n de Municipios.<\/p>\n<p>Un encuentro calificado como necesario por la primera autoridad regional, quien dijo que <strong>\u201cesta es una muy buena forma para poder llevar a cabo las inversiones con mayor precisi\u00f3n en las comunas, adem\u00e1s de revisar otros temas que son importantes de abordar. Uno de los puntos cr\u00edticos es la crisis h\u00eddrica y tambi\u00e9n el desempleo, temas que est\u00e1n focalizados en mi programa, porque necesitamos llegar a ellos de forma eficaz. Hoy expres\u00e9 a los alcaldes toda mi disponibilidad para que podamos trabajar con mayor detalle algunos proyectos e instancias a futuro\u201d.<\/strong><\/p>\n<p>Entre los principales planteamientos de los ediles, est\u00e1n la necesidad de decretar zona de emergencia agr\u00edcola para la regi\u00f3n, adem\u00e1s de tomar acciones en materia de manejo de residuos s\u00f3lidos y medidas para profundizar instancias de pro empleo a nivel regional.<\/p>\n<p>El presidente de la Asociaci\u00f3n de Municipios, y alcalde de Vicu\u00f1a, Rafael Vera, destac\u00f3 que<strong> \u201cnos encontramos con una Gobernadora que m\u00e1s all\u00e1 de los pocos d\u00edas que lleva en el cargo ha tenido conocimiento de las distintas tem\u00e1ticas y tiene respuestas a un gran porcentaje de las preguntas que se han planteado. Hemos establecido reuniones de trabajo dentro de los pr\u00f3ximos 15 d\u00edas con cada uno de los municipios y hoy se ha dado un primer paso, los alcaldes se han puesto al servicio de la gobernadora y ella ha puesto a disposici\u00f3n a sus equipos para poder avanzar en todas esas demandas que son necesarias para los vecinos\u201d.<\/strong><\/p>\n<p>Desde la comuna de Los Vilos, el alcalde Christian Gross destac\u00f3 la importancia del trabajo colaborativo que se puede hacer entre los municipios y la Gobernadora Regional por el bienestar de los habitantes de la regi\u00f3n.<\/p>\n<p><strong>\u201cEn el caso de Los Vilos tenemos bastantes desaf\u00edos en materia medioambiental y con algunas obras que est\u00e1n en inconclusas. Por eso le pedimos a la Gobernadora Regional que desarrolle reuniones con cada alcalde para definir el marco presupuestario con que cuenta el Gobierno Regional y me quedo con la esperanza del trabajo colaborativo, a trav\u00e9s del que podemos sacar adelante a nuestra regi\u00f3n y nuestras comunas\u201d<\/strong>, dijo el edil.<\/p>\n<p>Por su parte, el alcalde de Coquimbo, Al\u00ed Manouchehri, se\u00f1al\u00f3 que <strong>\u201cen nuestra comuna es sabido que pasamos por una crisis econ\u00f3mica de las m\u00e1s grandes de la historia y que ha afectado, hoy d\u00eda, al desarrollo de esta administraci\u00f3n, impactando directamente a la comunidad. Es ah\u00ed donde nosotros estamos poniendo gran parte de nuestros esfuerzos hoy para poder revertir, con compromisos de pago encima, deudas con basura, luz. Estamos claros de que tenemos que revertir ese camino y parte importante de eso es ordenarnos econ\u00f3micamente\u201d.<\/strong><strong>\u00a0<\/strong><\/p>\n<p>Finalmente, el alcalde de Monte Patria, Cristian Herrera<strong>, <\/strong>plante\u00f3 que<strong> \u201cmuchas de nuestras necesidades no se van a resolver con los recursos locales del FNDR, pero si podemos hacer una lucha en conjunto para poder apalancar m\u00e1s recursos a nivel nacional, por ejemplo, que desde el ministerio del interior nos lleguen m\u00e1s recursos para abordar el tema de la escasez h\u00eddrica, y muchos otros temas que tenemos que abordar. Adem\u00e1s de reunirse con los alcaldes para revisar la proyecci\u00f3n del FNDR y los proyectos que se van a financiar en cada una de las comunas\u201d.<\/strong><\/p>\n<p><strong>\u00a0<\/strong><\/p>\n<p><strong>\u00a0<\/strong><\/p>\n<p>&nbsp;<\/p>\n","protected":false},"excerpt":{"rendered":"<p>La instancia se gener\u00f3 en una reuni\u00f3n con la Asociaci\u00f3n de Municipios de la Regi\u00f3n de Coquimbo, donde se abordaron temas como la necesidad de decretar a la regi\u00f3n como zona de emergencia agr\u00edcola, trabajar en el manejo de residuos s\u00f3lidos de la regi\u00f3n, y profundizar iniciativas de pro empleo.<\/p>\n","protected":false},"author":2,"featured_media":5462,"comment_status":"open","ping_status":"open","sticky":false,"template":"","format":"standard","meta":{"footnotes":""},"categories":[3],"tags":[],"class_list":["post-5461","post","type-post","status-publish","format-standard","has-post-thumbnail","hentry","category-actualidad"],"_links":{"self":[{"href":"https:\/\/www.radiolimari.cl\/index.php?rest_route=\/wp\/v2\/posts\/5461","targetHints":{"allow":["GET"]}}],"collection":[{"href":"https:\/\/www.radiolimari.cl\/index.php?rest_route=\/wp\/v2\/posts"}],"about":[{"href":"https:\/\/www.radiolimari.cl\/index.php?rest_route=\/wp\/v2\/types\/post"}],"author":[{"embeddable":true,"href":"https:\/\/www.radiolimari.cl\/index.php?rest_route=\/wp\/v2\/users\/2"}],"replies":[{"embeddable":true,"href":"https:\/\/www.radiolimari.cl\/index.php?rest_route=%2Fwp%2Fv2%2Fcomments&post=5461"}],"version-history":[{"count":1,"href":"https:\/\/www.radiolimari.cl\/index.php?rest_route=\/wp\/v2\/posts\/5461\/revisions"}],"predecessor-version":[{"id":5463,"href":"https:\/\/www.radiolimari.cl\/index.php?rest_route=\/wp\/v2\/posts\/5461\/revisions\/5463"}],"wp:featuredmedia":[{"embeddable":true,"href":"https:\/\/www.radiolimari.cl\/index.php?rest_route=\/wp\/v2\/media\/5462"}],"wp:attachment":[{"href":"https:\/\/www.radiolimari.cl\/index.php?rest_route=%2Fwp%2Fv2%2Fmedia&parent=5461"}],"wp:term":[{"taxonomy":"category","embeddable":true,"href":"https:\/\/www.radiolimari.cl\/index.php?rest_route=%2Fwp%2Fv2%2Fcategories&post=5461"},{"taxonomy":"post_tag","embeddable":true,"href":"https:\/\/www.radiolimari.cl\/index.php?rest_route=%2Fwp%2Fv2%2Ftags&post=5461"}],"curies":[{"name":"wp","href":"https:\/\/api.w.org\/{rel}","templated":true}]}}