{"id":5450,"date":"2021-07-22T18:00:38","date_gmt":"2021-07-22T18:00:38","guid":{"rendered":"http:\/\/www.radiolimari.cl\/?p=5450"},"modified":"2021-07-22T18:00:38","modified_gmt":"2021-07-22T18:00:38","slug":"usuarios-de-indap-de-monte-patria-reciben-apoyo-monetario-para-enfrentar-los-danos-provocados-en-sus-cultivos-por-heladas-y-bajas-temperaturas","status":"publish","type":"post","link":"https:\/\/www.radiolimari.cl\/?p=5450","title":{"rendered":"Usuarios de INDAP de Monte Patria reciben apoyo monetario para enfrentar los da\u00f1os provocados en sus cultivos por heladas y bajas temperaturas"},"content":{"rendered":"<p><a href=\"https:\/\/www.radiolimari.cl\/wp-content\/uploads\/2021\/07\/22.7-monte-patria.jpg\"><img fetchpriority=\"high\" decoding=\"async\" class=\"alignnone size-medium wp-image-5451\" src=\"https:\/\/www.radiolimari.cl\/wp-content\/uploads\/2021\/07\/22.7-monte-patria-300x200.jpg\" alt=\"22.7 monte patria\" width=\"300\" height=\"200\" srcset=\"https:\/\/www.radiolimari.cl\/wp-content\/uploads\/2021\/07\/22.7-monte-patria-300x200.jpg 300w, https:\/\/www.radiolimari.cl\/wp-content\/uploads\/2021\/07\/22.7-monte-patria-1024x682.jpg 1024w\" sizes=\"(max-width: 300px) 100vw, 300px\" \/><\/a><\/p>\n<p><em>Las madrugadas del 22 y 23 de mayo fueron unas de las m\u00e1s fr\u00edas que ha tenido la comuna en lo que va del a\u00f1o, por lo que las bajas temperaturas provocaron heladas que fueron nefastas para las producciones agr\u00edcolas a menor escala y de temporada de la zona.<\/em><!--more--><\/p>\n<p>Producciones de porotos granados y verdes, habas, pepinos, papas, tomates, zapallo italiano, piment\u00f3n, paltos y olivos fueron los m\u00e1s afectados por las bajas temperaturas del mes de mayo, esto generando importantes p\u00e9rdidas de inversi\u00f3n de los productores locales.<\/p>\n<p>Es por esta raz\u00f3n que el Gobierno de Chile, a trav\u00e9s de INDAP, realiz\u00f3 un catastro en la comuna evidenciando las zonas afectadas e identificando a los productores y productoras, generando un apoyo econ\u00f3mico para\u00a0 enfrentar estas p\u00e9rdidas.<\/p>\n<p>Un total de 39 usuarios de la comuna de Monte Patria recibieron esta ayuda en una ceremonia que estuvo encabezada por el SEREMI de Agricultura Rodrigo \u00d3rdenes y el alcalde Cristian Herrera, acompa\u00f1ados del Director Regional de Indap, el Jefe de \u00c1rea Ovalle y los concejales Brajean Castillo y Mery Mora.<\/p>\n<p>El SEREMI de Agricultura Rodrigo Ordenes explic\u00f3 \u201cHoy estamos junto al Indap entregando un apoyo para ayudar a los agricultores que se vieron afectados por las heladas, sostuvimos una importante reuni\u00f3n con el alcalde de la comuna, donde intercambiamos visiones y dejando el compromiso de trabajar unidos para ayudar y apoyar a la peque\u00f1a agricultura familiar\u201d<\/p>\n<p>Irma Segovia, agricultura del sector de El Palqui, se vio afectada por las heladas en su producci\u00f3n de tomates y fue beneficiada por este apoyo \u201cYo perd\u00ed seis mil plantas de tomates, la producci\u00f3n fue baj\u00edsima y los valores de venta estuvieron muy bajos, este aporte nos viene a ayudar en esta situaci\u00f3n, no es solo las heladas si no tambi\u00e9n la sequ\u00eda que nos tiene afectados ya hace m\u00e1s de 12 a\u00f1os.\u201d<\/p>\n<p>Trabajar mancomunadamente en pol\u00edticas que ayuden para situaciones de emergencia como las heladas y aquellas m\u00e1s permanentes en las que se ven afectados los productores como lo es la sequ\u00eda, son temas a abordar por las autoridades y fue parte del encuentro entre la autoridad de gobierno y el alcalde de la comuna. Al respecto Cristian Herrera, alcalde de la comuna de los Valles Generosos se\u00f1al\u00f3 \u201cEsta es una primera ayuda que reciben nuestros productores, es importante c\u00f3mo somos capaces de ponernos de acuerdo con las autoridades de gobierno para ir trabajando de manera unitaria para ir planificando este tipo de situaciones en el futuro, el compromiso que realizamos es realizar un cronograma conjunto que aborde la problem\u00e1tica que enfrenta la agricultura.\u201d<\/p>\n<p>En las pr\u00f3ximas semanas se continuar\u00e1 entregando apoyo a quienes han visto afectadas sus producciones producto de las inclemencias del clima en la comuna de Monte Patria.<\/p>\n<p>&nbsp;<\/p>\n","protected":false},"excerpt":{"rendered":"<p>Las madrugadas del 22 y 23 de mayo fueron unas de las m\u00e1s fr\u00edas que ha tenido la comuna en lo que va del a\u00f1o, por lo que las bajas temperaturas provocaron heladas que fueron nefastas para las producciones agr\u00edcolas a menor escala y de temporada de la zona.<\/p>\n","protected":false},"author":2,"featured_media":5451,"comment_status":"open","ping_status":"open","sticky":false,"template":"","format":"standard","meta":{"footnotes":""},"categories":[5],"tags":[],"class_list":["post-5450","post","type-post","status-publish","format-standard","has-post-thumbnail","hentry","category-actualidad-limarina"],"_links":{"self":[{"href":"https:\/\/www.radiolimari.cl\/index.php?rest_route=\/wp\/v2\/posts\/5450","targetHints":{"allow":["GET"]}}],"collection":[{"href":"https:\/\/www.radiolimari.cl\/index.php?rest_route=\/wp\/v2\/posts"}],"about":[{"href":"https:\/\/www.radiolimari.cl\/index.php?rest_route=\/wp\/v2\/types\/post"}],"author":[{"embeddable":true,"href":"https:\/\/www.radiolimari.cl\/index.php?rest_route=\/wp\/v2\/users\/2"}],"replies":[{"embeddable":true,"href":"https:\/\/www.radiolimari.cl\/index.php?rest_route=%2Fwp%2Fv2%2Fcomments&post=5450"}],"version-history":[{"count":1,"href":"https:\/\/www.radiolimari.cl\/index.php?rest_route=\/wp\/v2\/posts\/5450\/revisions"}],"predecessor-version":[{"id":5452,"href":"https:\/\/www.radiolimari.cl\/index.php?rest_route=\/wp\/v2\/posts\/5450\/revisions\/5452"}],"wp:featuredmedia":[{"embeddable":true,"href":"https:\/\/www.radiolimari.cl\/index.php?rest_route=\/wp\/v2\/media\/5451"}],"wp:attachment":[{"href":"https:\/\/www.radiolimari.cl\/index.php?rest_route=%2Fwp%2Fv2%2Fmedia&parent=5450"}],"wp:term":[{"taxonomy":"category","embeddable":true,"href":"https:\/\/www.radiolimari.cl\/index.php?rest_route=%2Fwp%2Fv2%2Fcategories&post=5450"},{"taxonomy":"post_tag","embeddable":true,"href":"https:\/\/www.radiolimari.cl\/index.php?rest_route=%2Fwp%2Fv2%2Ftags&post=5450"}],"curies":[{"name":"wp","href":"https:\/\/api.w.org\/{rel}","templated":true}]}}